{"id":1676,"date":"2022-12-06T19:02:37","date_gmt":"2022-12-06T18:02:37","guid":{"rendered":"https:\/\/st-pie-x.dominicaines-du-saint-esprit.fr\/?p=1676"},"modified":"2023-01-04T19:14:01","modified_gmt":"2023-01-04T18:14:01","slug":"saint-nicolas-a-saint-pie-x","status":"publish","type":"post","link":"https:\/\/st-pie-x.dominicaines-du-saint-esprit.fr\/index.php\/2022\/12\/06\/saint-nicolas-a-saint-pie-x\/","title":{"rendered":"Saint Nicolas \u00e0 Saint-Pie X !"},"content":{"rendered":"<p><span style=\"font-family: Times New Roman, Times, serif;\">6 d\u00e9cembre 2022 : c&rsquo;est la f\u00eate de Saint Nicolas. <\/span><\/p>\n<p><span style=\"font-family: Times New Roman, Times, serif;\">Pour la premi\u00e8re fois, le grand saint descend du ciel en personne, pour visiter les enfants du primaire et distribuer bonbons et bons conseils ! Les \u00e9l\u00e8ves sont ravis d&rsquo;accueillir ce patron des petits enfants qui passe du temps avec eux dans les classes et sur la cour. <\/span><\/p>\n<p><span style=\"font-family: Times New Roman, Times, serif;\">Vive Saint Nicolas !<\/span><\/p>\n<p><b><span style=\"font-family: Times New Roman, Times, serif;\"><img loading=\"lazy\" class=\"wp-image-1674 aligncenter\" src=\"https:\/\/st-pie-x.dominicaines-du-saint-esprit.fr\/wp-content\/uploads\/2023\/01\/IMG_1462-2-225x300.jpg\" alt=\"\" width=\"245\" height=\"327\" srcset=\"https:\/\/st-pie-x.dominicaines-du-saint-esprit.fr\/wp-content\/uploads\/2023\/01\/IMG_1462-2-225x300.jpg 225w, https:\/\/st-pie-x.dominicaines-du-saint-esprit.fr\/wp-content\/uploads\/2023\/01\/IMG_1462-2-768x1024.jpg 768w, https:\/\/st-pie-x.dominicaines-du-saint-esprit.fr\/wp-content\/uploads\/2023\/01\/IMG_1462-2-300x400.jpg 300w, https:\/\/st-pie-x.dominicaines-du-saint-esprit.fr\/wp-content\/uploads\/2023\/01\/IMG_1462-2-1152x1536.jpg 1152w, https:\/\/st-pie-x.dominicaines-du-saint-esprit.fr\/wp-content\/uploads\/2023\/01\/IMG_1462-2-1536x2048.jpg 1536w, https:\/\/st-pie-x.dominicaines-du-saint-esprit.fr\/wp-content\/uploads\/2023\/01\/IMG_1462-2-600x800.jpg 600w, https:\/\/st-pie-x.dominicaines-du-saint-esprit.fr\/wp-content\/uploads\/2023\/01\/IMG_1462-2-700x933.jpg 700w, https:\/\/st-pie-x.dominicaines-du-saint-esprit.fr\/wp-content\/uploads\/2023\/01\/IMG_1462-2-scaled.jpg 1920w\" sizes=\"(max-width: 245px) 100vw, 245px\" \/><\/span><\/b><\/p>\n<p style=\"text-align: center;\"><span style=\"font-family: Times New Roman, Times, serif;\">Saint Nicolas a visit\u00e9 les classes du primaire<\/span><\/p>\n","protected":false},"excerpt":{"rendered":"<p>6 d\u00e9cembre 2022 : c&rsquo;est la f\u00eate de Saint Nicolas. Pour la premi\u00e8re fois, le grand saint descend du ciel en personne, pour visiter les enfants du primaire et distribuer bonbons et bons conseils ! Les \u00e9l\u00e8ves sont ravis d&rsquo;accueillir ce patron des petits enfants&#8230;<\/p>\n","protected":false},"author":2,"featured_media":1675,"comment_status":"open","ping_status":"open","sticky":false,"template":"","format":"standard","meta":[],"categories":[10,6,7],"tags":[],"yoast_head":"<!-- This site is optimized with the Yoast SEO plugin v16.9 - https:\/\/yoast.com\/wordpress\/plugins\/seo\/ -->\n<meta name=\"robots\" content=\"index, follow, max-snippet:-1, max-image-preview:large, max-video-preview:-1\" \/>\n<link rel=\"canonical\" href=\"https:\/\/st-pie-x.dominicaines-du-saint-esprit.fr\/index.php\/2022\/12\/06\/saint-nicolas-a-saint-pie-x\/\" \/>\n<meta property=\"og:locale\" content=\"fr_FR\" \/>\n<meta property=\"og:type\" content=\"article\" \/>\n<meta property=\"og:title\" content=\"Saint Nicolas \u00e0 Saint-Pie X ! - Institution Saint-Pie X\" \/>\n<meta property=\"og:description\" content=\"6 d\u00e9cembre 2022 : c&rsquo;est la f\u00eate de Saint Nicolas. Pour la premi\u00e8re fois, le grand saint descend du ciel en personne, pour visiter les enfants du primaire et distribuer bonbons et bons conseils ! Les \u00e9l\u00e8ves sont ravis d&rsquo;accueillir ce patron des petits enfants...\" \/>\n<meta property=\"og:url\" content=\"https:\/\/st-pie-x.dominicaines-du-saint-esprit.fr\/index.php\/2022\/12\/06\/saint-nicolas-a-saint-pie-x\/\" \/>\n<meta property=\"og:site_name\" content=\"Institution Saint-Pie X\" \/>\n<meta property=\"article:published_time\" content=\"2022-12-06T18:02:37+00:00\" \/>\n<meta property=\"article:modified_time\" content=\"2023-01-04T18:14:01+00:00\" \/>\n<meta property=\"og:image\" content=\"https:\/\/st-pie-x.dominicaines-du-saint-esprit.fr\/wp-content\/uploads\/2023\/01\/IMG_1461-scaled.jpg\" \/>\n\t<meta property=\"og:image:width\" content=\"2560\" \/>\n\t<meta property=\"og:image:height\" content=\"1920\" \/>\n<meta name=\"twitter:card\" content=\"summary_large_image\" \/>\n<meta name=\"twitter:label1\" content=\"\u00c9crit par\" \/>\n\t<meta name=\"twitter:data1\" content=\"Admin\" \/>\n\t<meta name=\"twitter:label2\" content=\"Dur\u00e9e de lecture est.\" \/>\n\t<meta name=\"twitter:data2\" content=\"1 minute\" \/>\n<script type=\"application\/ld+json\" class=\"yoast-schema-graph\">{\"@context\":\"https:\/\/schema.org\",\"@graph\":[{\"@type\":\"Organization\",\"@id\":\"https:\/\/st-pie-x.dominicaines-du-saint-esprit.fr\/#organization\",\"name\":\"Institution Saint-Pie X\",\"url\":\"https:\/\/st-pie-x.dominicaines-du-saint-esprit.fr\/\",\"sameAs\":[],\"logo\":{\"@type\":\"ImageObject\",\"@id\":\"https:\/\/st-pie-x.dominicaines-du-saint-esprit.fr\/#logo\",\"inLanguage\":\"fr-FR\",\"url\":\"https:\/\/st-pie-x.dominicaines-du-saint-esprit.fr\/wp-content\/uploads\/2018\/10\/logo-dominicaines.png\",\"contentUrl\":\"https:\/\/st-pie-x.dominicaines-du-saint-esprit.fr\/wp-content\/uploads\/2018\/10\/logo-dominicaines.png\",\"width\":90,\"height\":120,\"caption\":\"Institution Saint-Pie X\"},\"image\":{\"@id\":\"https:\/\/st-pie-x.dominicaines-du-saint-esprit.fr\/#logo\"}},{\"@type\":\"WebSite\",\"@id\":\"https:\/\/st-pie-x.dominicaines-du-saint-esprit.fr\/#website\",\"url\":\"https:\/\/st-pie-x.dominicaines-du-saint-esprit.fr\/\",\"name\":\"Institution Saint-Pie X\",\"description\":\"Dominicaines du Saint-Esprit\",\"publisher\":{\"@id\":\"https:\/\/st-pie-x.dominicaines-du-saint-esprit.fr\/#organization\"},\"potentialAction\":[{\"@type\":\"SearchAction\",\"target\":{\"@type\":\"EntryPoint\",\"urlTemplate\":\"https:\/\/st-pie-x.dominicaines-du-saint-esprit.fr\/?s={search_term_string}\"},\"query-input\":\"required name=search_term_string\"}],\"inLanguage\":\"fr-FR\"},{\"@type\":\"ImageObject\",\"@id\":\"https:\/\/st-pie-x.dominicaines-du-saint-esprit.fr\/index.php\/2022\/12\/06\/saint-nicolas-a-saint-pie-x\/#primaryimage\",\"inLanguage\":\"fr-FR\",\"url\":\"https:\/\/st-pie-x.dominicaines-du-saint-esprit.fr\/wp-content\/uploads\/2023\/01\/IMG_1461-scaled.jpg\",\"contentUrl\":\"https:\/\/st-pie-x.dominicaines-du-saint-esprit.fr\/wp-content\/uploads\/2023\/01\/IMG_1461-scaled.jpg\",\"width\":2560,\"height\":1920},{\"@type\":\"WebPage\",\"@id\":\"https:\/\/st-pie-x.dominicaines-du-saint-esprit.fr\/index.php\/2022\/12\/06\/saint-nicolas-a-saint-pie-x\/#webpage\",\"url\":\"https:\/\/st-pie-x.dominicaines-du-saint-esprit.fr\/index.php\/2022\/12\/06\/saint-nicolas-a-saint-pie-x\/\",\"name\":\"Saint Nicolas \\u00e0 Saint-Pie X ! - Institution Saint-Pie X\",\"isPartOf\":{\"@id\":\"https:\/\/st-pie-x.dominicaines-du-saint-esprit.fr\/#website\"},\"primaryImageOfPage\":{\"@id\":\"https:\/\/st-pie-x.dominicaines-du-saint-esprit.fr\/index.php\/2022\/12\/06\/saint-nicolas-a-saint-pie-x\/#primaryimage\"},\"datePublished\":\"2022-12-06T18:02:37+00:00\",\"dateModified\":\"2023-01-04T18:14:01+00:00\",\"breadcrumb\":{\"@id\":\"https:\/\/st-pie-x.dominicaines-du-saint-esprit.fr\/index.php\/2022\/12\/06\/saint-nicolas-a-saint-pie-x\/#breadcrumb\"},\"inLanguage\":\"fr-FR\",\"potentialAction\":[{\"@type\":\"ReadAction\",\"target\":[\"https:\/\/st-pie-x.dominicaines-du-saint-esprit.fr\/index.php\/2022\/12\/06\/saint-nicolas-a-saint-pie-x\/\"]}]},{\"@type\":\"BreadcrumbList\",\"@id\":\"https:\/\/st-pie-x.dominicaines-du-saint-esprit.fr\/index.php\/2022\/12\/06\/saint-nicolas-a-saint-pie-x\/#breadcrumb\",\"itemListElement\":[{\"@type\":\"ListItem\",\"position\":1,\"name\":\"Accueil\",\"item\":\"https:\/\/st-pie-x.dominicaines-du-saint-esprit.fr\/\"},{\"@type\":\"ListItem\",\"position\":2,\"name\":\"Saint Nicolas \\u00e0 Saint-Pie X !\"}]},{\"@type\":\"Article\",\"@id\":\"https:\/\/st-pie-x.dominicaines-du-saint-esprit.fr\/index.php\/2022\/12\/06\/saint-nicolas-a-saint-pie-x\/#article\",\"isPartOf\":{\"@id\":\"https:\/\/st-pie-x.dominicaines-du-saint-esprit.fr\/index.php\/2022\/12\/06\/saint-nicolas-a-saint-pie-x\/#webpage\"},\"author\":{\"@id\":\"https:\/\/st-pie-x.dominicaines-du-saint-esprit.fr\/#\/schema\/person\/afdbde961533c0394eb4ceb6a7f5d85d\"},\"headline\":\"Saint Nicolas \\u00e0 Saint-Pie X !\",\"datePublished\":\"2022-12-06T18:02:37+00:00\",\"dateModified\":\"2023-01-04T18:14:01+00:00\",\"mainEntityOfPage\":{\"@id\":\"https:\/\/st-pie-x.dominicaines-du-saint-esprit.fr\/index.php\/2022\/12\/06\/saint-nicolas-a-saint-pie-x\/#webpage\"},\"wordCount\":73,\"commentCount\":0,\"publisher\":{\"@id\":\"https:\/\/st-pie-x.dominicaines-du-saint-esprit.fr\/#organization\"},\"image\":{\"@id\":\"https:\/\/st-pie-x.dominicaines-du-saint-esprit.fr\/index.php\/2022\/12\/06\/saint-nicolas-a-saint-pie-x\/#primaryimage\"},\"thumbnailUrl\":\"https:\/\/st-pie-x.dominicaines-du-saint-esprit.fr\/wp-content\/uploads\/2023\/01\/IMG_1461-scaled.jpg\",\"articleSection\":[\"A la une\",\"Actualit\\u00e9s\",\"Vie de l'\\u00e9cole\"],\"inLanguage\":\"fr-FR\",\"potentialAction\":[{\"@type\":\"CommentAction\",\"name\":\"Comment\",\"target\":[\"https:\/\/st-pie-x.dominicaines-du-saint-esprit.fr\/index.php\/2022\/12\/06\/saint-nicolas-a-saint-pie-x\/#respond\"]}]},{\"@type\":\"Person\",\"@id\":\"https:\/\/st-pie-x.dominicaines-du-saint-esprit.fr\/#\/schema\/person\/afdbde961533c0394eb4ceb6a7f5d85d\",\"name\":\"Admin\",\"image\":{\"@type\":\"ImageObject\",\"@id\":\"https:\/\/st-pie-x.dominicaines-du-saint-esprit.fr\/#personlogo\",\"inLanguage\":\"fr-FR\",\"url\":\"https:\/\/secure.gravatar.com\/avatar\/3e7d08ba5a27a263be63b8c72ef6e260?s=96&d=mm&r=g\",\"contentUrl\":\"https:\/\/secure.gravatar.com\/avatar\/3e7d08ba5a27a263be63b8c72ef6e260?s=96&d=mm&r=g\",\"caption\":\"Admin\"}}]}<\/script>\n<!-- \/ Yoast SEO plugin. -->","yoast_head_json":{"robots":{"index":"index","follow":"follow","max-snippet":"max-snippet:-1","max-image-preview":"max-image-preview:large","max-video-preview":"max-video-preview:-1"},"canonical":"https:\/\/st-pie-x.dominicaines-du-saint-esprit.fr\/index.php\/2022\/12\/06\/saint-nicolas-a-saint-pie-x\/","og_locale":"fr_FR","og_type":"article","og_title":"Saint Nicolas \u00e0 Saint-Pie X ! - Institution Saint-Pie X","og_description":"6 d\u00e9cembre 2022 : c&rsquo;est la f\u00eate de Saint Nicolas. Pour la premi\u00e8re fois, le grand saint descend du ciel en personne, pour visiter les enfants du primaire et distribuer bonbons et bons conseils ! Les \u00e9l\u00e8ves sont ravis d&rsquo;accueillir ce patron des petits enfants...","og_url":"https:\/\/st-pie-x.dominicaines-du-saint-esprit.fr\/index.php\/2022\/12\/06\/saint-nicolas-a-saint-pie-x\/","og_site_name":"Institution Saint-Pie X","article_published_time":"2022-12-06T18:02:37+00:00","article_modified_time":"2023-01-04T18:14:01+00:00","og_image":[{"width":2560,"height":1920,"filesize":543874,"url":"https:\/\/st-pie-x.dominicaines-du-saint-esprit.fr\/wp-content\/uploads\/2023\/01\/IMG_1461-scaled.jpg","path":"\/home\/dominica\/sites\/st-pie-x\/production\/wp-content\/uploads\/2023\/01\/IMG_1461-scaled.jpg","size":"full","id":1675,"alt":"","pixels":4915200,"type":"image\/jpeg"}],"twitter_card":"summary_large_image","twitter_misc":{"\u00c9crit par":"Admin","Dur\u00e9e de lecture est.":"1 minute"},"schema":{"@context":"https:\/\/schema.org","@graph":[{"@type":"Organization","@id":"https:\/\/st-pie-x.dominicaines-du-saint-esprit.fr\/#organization","name":"Institution Saint-Pie X","url":"https:\/\/st-pie-x.dominicaines-du-saint-esprit.fr\/","sameAs":[],"logo":{"@type":"ImageObject","@id":"https:\/\/st-pie-x.dominicaines-du-saint-esprit.fr\/#logo","inLanguage":"fr-FR","url":"https:\/\/st-pie-x.dominicaines-du-saint-esprit.fr\/wp-content\/uploads\/2018\/10\/logo-dominicaines.png","contentUrl":"https:\/\/st-pie-x.dominicaines-du-saint-esprit.fr\/wp-content\/uploads\/2018\/10\/logo-dominicaines.png","width":90,"height":120,"caption":"Institution Saint-Pie X"},"image":{"@id":"https:\/\/st-pie-x.dominicaines-du-saint-esprit.fr\/#logo"}},{"@type":"WebSite","@id":"https:\/\/st-pie-x.dominicaines-du-saint-esprit.fr\/#website","url":"https:\/\/st-pie-x.dominicaines-du-saint-esprit.fr\/","name":"Institution Saint-Pie X","description":"Dominicaines du Saint-Esprit","publisher":{"@id":"https:\/\/st-pie-x.dominicaines-du-saint-esprit.fr\/#organization"},"potentialAction":[{"@type":"SearchAction","target":{"@type":"EntryPoint","urlTemplate":"https:\/\/st-pie-x.dominicaines-du-saint-esprit.fr\/?s={search_term_string}"},"query-input":"required name=search_term_string"}],"inLanguage":"fr-FR"},{"@type":"ImageObject","@id":"https:\/\/st-pie-x.dominicaines-du-saint-esprit.fr\/index.php\/2022\/12\/06\/saint-nicolas-a-saint-pie-x\/#primaryimage","inLanguage":"fr-FR","url":"https:\/\/st-pie-x.dominicaines-du-saint-esprit.fr\/wp-content\/uploads\/2023\/01\/IMG_1461-scaled.jpg","contentUrl":"https:\/\/st-pie-x.dominicaines-du-saint-esprit.fr\/wp-content\/uploads\/2023\/01\/IMG_1461-scaled.jpg","width":2560,"height":1920},{"@type":"WebPage","@id":"https:\/\/st-pie-x.dominicaines-du-saint-esprit.fr\/index.php\/2022\/12\/06\/saint-nicolas-a-saint-pie-x\/#webpage","url":"https:\/\/st-pie-x.dominicaines-du-saint-esprit.fr\/index.php\/2022\/12\/06\/saint-nicolas-a-saint-pie-x\/","name":"Saint Nicolas \u00e0 Saint-Pie X ! - Institution Saint-Pie X","isPartOf":{"@id":"https:\/\/st-pie-x.dominicaines-du-saint-esprit.fr\/#website"},"primaryImageOfPage":{"@id":"https:\/\/st-pie-x.dominicaines-du-saint-esprit.fr\/index.php\/2022\/12\/06\/saint-nicolas-a-saint-pie-x\/#primaryimage"},"datePublished":"2022-12-06T18:02:37+00:00","dateModified":"2023-01-04T18:14:01+00:00","breadcrumb":{"@id":"https:\/\/st-pie-x.dominicaines-du-saint-esprit.fr\/index.php\/2022\/12\/06\/saint-nicolas-a-saint-pie-x\/#breadcrumb"},"inLanguage":"fr-FR","potentialAction":[{"@type":"ReadAction","target":["https:\/\/st-pie-x.dominicaines-du-saint-esprit.fr\/index.php\/2022\/12\/06\/saint-nicolas-a-saint-pie-x\/"]}]},{"@type":"BreadcrumbList","@id":"https:\/\/st-pie-x.dominicaines-du-saint-esprit.fr\/index.php\/2022\/12\/06\/saint-nicolas-a-saint-pie-x\/#breadcrumb","itemListElement":[{"@type":"ListItem","position":1,"name":"Accueil","item":"https:\/\/st-pie-x.dominicaines-du-saint-esprit.fr\/"},{"@type":"ListItem","position":2,"name":"Saint Nicolas \u00e0 Saint-Pie X !"}]},{"@type":"Article","@id":"https:\/\/st-pie-x.dominicaines-du-saint-esprit.fr\/index.php\/2022\/12\/06\/saint-nicolas-a-saint-pie-x\/#article","isPartOf":{"@id":"https:\/\/st-pie-x.dominicaines-du-saint-esprit.fr\/index.php\/2022\/12\/06\/saint-nicolas-a-saint-pie-x\/#webpage"},"author":{"@id":"https:\/\/st-pie-x.dominicaines-du-saint-esprit.fr\/#\/schema\/person\/afdbde961533c0394eb4ceb6a7f5d85d"},"headline":"Saint Nicolas \u00e0 Saint-Pie X !","datePublished":"2022-12-06T18:02:37+00:00","dateModified":"2023-01-04T18:14:01+00:00","mainEntityOfPage":{"@id":"https:\/\/st-pie-x.dominicaines-du-saint-esprit.fr\/index.php\/2022\/12\/06\/saint-nicolas-a-saint-pie-x\/#webpage"},"wordCount":73,"commentCount":0,"publisher":{"@id":"https:\/\/st-pie-x.dominicaines-du-saint-esprit.fr\/#organization"},"image":{"@id":"https:\/\/st-pie-x.dominicaines-du-saint-esprit.fr\/index.php\/2022\/12\/06\/saint-nicolas-a-saint-pie-x\/#primaryimage"},"thumbnailUrl":"https:\/\/st-pie-x.dominicaines-du-saint-esprit.fr\/wp-content\/uploads\/2023\/01\/IMG_1461-scaled.jpg","articleSection":["A la une","Actualit\u00e9s","Vie de l'\u00e9cole"],"inLanguage":"fr-FR","potentialAction":[{"@type":"CommentAction","name":"Comment","target":["https:\/\/st-pie-x.dominicaines-du-saint-esprit.fr\/index.php\/2022\/12\/06\/saint-nicolas-a-saint-pie-x\/#respond"]}]},{"@type":"Person","@id":"https:\/\/st-pie-x.dominicaines-du-saint-esprit.fr\/#\/schema\/person\/afdbde961533c0394eb4ceb6a7f5d85d","name":"Admin","image":{"@type":"ImageObject","@id":"https:\/\/st-pie-x.dominicaines-du-saint-esprit.fr\/#personlogo","inLanguage":"fr-FR","url":"https:\/\/secure.gravatar.com\/avatar\/3e7d08ba5a27a263be63b8c72ef6e260?s=96&d=mm&r=g","contentUrl":"https:\/\/secure.gravatar.com\/avatar\/3e7d08ba5a27a263be63b8c72ef6e260?s=96&d=mm&r=g","caption":"Admin"}}]}},"_links":{"self":[{"href":"https:\/\/st-pie-x.dominicaines-du-saint-esprit.fr\/index.php\/wp-json\/wp\/v2\/posts\/1676"}],"collection":[{"href":"https:\/\/st-pie-x.dominicaines-du-saint-esprit.fr\/index.php\/wp-json\/wp\/v2\/posts"}],"about":[{"href":"https:\/\/st-pie-x.dominicaines-du-saint-esprit.fr\/index.php\/wp-json\/wp\/v2\/types\/post"}],"author":[{"embeddable":true,"href":"https:\/\/st-pie-x.dominicaines-du-saint-esprit.fr\/index.php\/wp-json\/wp\/v2\/users\/2"}],"replies":[{"embeddable":true,"href":"https:\/\/st-pie-x.dominicaines-du-saint-esprit.fr\/index.php\/wp-json\/wp\/v2\/comments?post=1676"}],"version-history":[{"count":9,"href":"https:\/\/st-pie-x.dominicaines-du-saint-esprit.fr\/index.php\/wp-json\/wp\/v2\/posts\/1676\/revisions"}],"predecessor-version":[{"id":1685,"href":"https:\/\/st-pie-x.dominicaines-du-saint-esprit.fr\/index.php\/wp-json\/wp\/v2\/posts\/1676\/revisions\/1685"}],"wp:featuredmedia":[{"embeddable":true,"href":"https:\/\/st-pie-x.dominicaines-du-saint-esprit.fr\/index.php\/wp-json\/wp\/v2\/media\/1675"}],"wp:attachment":[{"href":"https:\/\/st-pie-x.dominicaines-du-saint-esprit.fr\/index.php\/wp-json\/wp\/v2\/media?parent=1676"}],"wp:term":[{"taxonomy":"category","embeddable":true,"href":"https:\/\/st-pie-x.dominicaines-du-saint-esprit.fr\/index.php\/wp-json\/wp\/v2\/categories?post=1676"},{"taxonomy":"post_tag","embeddable":true,"href":"https:\/\/st-pie-x.dominicaines-du-saint-esprit.fr\/index.php\/wp-json\/wp\/v2\/tags?post=1676"}],"curies":[{"name":"wp","href":"https:\/\/api.w.org\/{rel}","templated":true}]}}