{"id":2036,"date":"2024-03-18T07:53:04","date_gmt":"2024-03-18T06:53:04","guid":{"rendered":"https:\/\/st-pie-x.dominicaines-du-saint-esprit.fr\/?p=2036"},"modified":"2024-03-18T07:56:50","modified_gmt":"2024-03-18T06:56:50","slug":"rebatir-notre-dame-reportage-au-coeur-du-chantier-de-la-cathedrale-de-paris","status":"publish","type":"post","link":"https:\/\/st-pie-x.dominicaines-du-saint-esprit.fr\/index.php\/2024\/03\/18\/rebatir-notre-dame-reportage-au-coeur-du-chantier-de-la-cathedrale-de-paris\/","title":{"rendered":"Reb\u00e2tir Notre-Dame, reportage au coeur du chantier de la cath\u00e9drale de Paris"},"content":{"rendered":"<p>Une \u00e9l\u00e8ve de 5e nous partage un compte-rendu d\u00e9taill\u00e9 et organis\u00e9 de la visite avec sa classe sur le chantier de Notre-Dame :<\/p>\n<p style=\"font-weight: 400;\"><strong>Sortie de classe \u00e0 Notre Dame de Paris pour voir l\u2019exposition \u00ab\u00a0Reb\u00e2tir Notre-Dame\u00a0\u00bb<\/strong><\/p>\n<p style=\"font-weight: 400;\">1\/ <u>O\u00f9 s\u2019est propag\u00e9 le feu lors de l\u2019incendie<\/u>\u00a0?<\/p>\n<p style=\"font-weight: 400;\">Sur une grande affiche repr\u00e9sentant la cath\u00e9drale le guide explique o\u00f9 le feu s\u2019est propag\u00e9. Tout le toit est tomb\u00e9 ou a coul\u00e9 car il \u00e9tait en plomb. Celui-ci a coul\u00e9 par les gargouilles cr\u00e9ant des dangers pour les alentours de la cath\u00e9drale. La fl\u00e8che est tomb\u00e9e et le coq a pu \u00eatre sauv\u00e9 ainsi que les reliques de Saint Denis et de Sainte Genevi\u00e8ve. Heureusement les murs de la cath\u00e9drale ne se sont pas effondr\u00e9s et sur les vitraux ainsi que les statues s\u2019est d\u00e9pos\u00e9e de la poussi\u00e8re de plomb.<\/p>\n<p style=\"font-weight: 400;\">2\/ <u>Au lendemain de l\u2019incendie<\/u>\u00a0?<\/p>\n<p style=\"font-weight: 400;\">Le lendemain des ouvriers \u00f4tent statues et vitraux soit pour les restaurer et\/ou pour les \u00ab laver \u00bb. Puis cordistes et ouvriers enl\u00e8vent les \u00e9chafaudages qu\u2019il y avait autour de la fl\u00e8che pour la restaurer. Les cordistes ont tron\u00e7onn\u00e9 les tubes m\u00e9talliques tordus par la chaleur de l\u2019incendie.<\/p>\n<p style=\"font-weight: 400;\">3\/ <u>Le projet \u00ab\u00a0reb\u00e2tir Notre Dame\u00a0\u00bb<\/u><\/p>\n<p style=\"font-weight: 400;\">Le soir de l\u2019incendie le Pr\u00e9sident Emmanuel Macron lance le projet de reconstruire Notre-Dame. \u00ab\u00a0Nous reb\u00e2tirons Notre-Dame tous ensemble\u00a0\u00bb dit-il. Rapidement des milliers d\u2019ouvriers sont sur le chantier de la Cath\u00e9drale.<\/p>\n<p style=\"font-weight: 400;\">4\/ <u>Restauration de l\u2019orgue, des statues et des vitraux<\/u><\/p>\n<p style=\"font-weight: 400;\">Les statues, l\u2019orgue et les vitraux ont re\u00e7u de la poussi\u00e8re de plomb lors de ce grand ravage. Les statues et les vitraux furent enlev\u00e9es au lendemain et envoy\u00e9s dans divers ateliers. Les tuyaux de l\u2019orgue ont \u00e9t\u00e9 enlev\u00e9s et transport\u00e9s dans trois ateliers du Sud de la France. L\u2019orgue a plus de 7000 tuyaux.<\/p>\n<p style=\"font-weight: 400;\">5\/ <u>Appels aux carri\u00e8res et aux for\u00eats<\/u><\/p>\n<p style=\"font-weight: 400;\">Pour la vo\u00fbte, on identifie avec quelle sorte de pierre les constructeurs du Moyen-Age avaient \u00e9labor\u00e9 Notre-Dame. On d\u00e9couvre bient\u00f4t que c\u2019est du calcaire. Alors des carri\u00e8res en France coupent chaque jour des gros cubes, dont la taille varie, de calcaire. Pour le toit en forme de triangle, l\u2019affaire est plus d\u00e9licate car le toit pousse sur les murs qui, avec l\u2019aide de contreforts poussent vers l\u2019int\u00e9rieur de la cath\u00e9drale. On d\u00e9cide donc de concevoir une \u00ab ferme \u00bb. C\u2019est une sorte de triangle en bois pour pouvoir retenir le toit. Au Moyen Age les ouvriers avaient construit cette ferme en ch\u00eane. Dans toutes les for\u00eats fran\u00e7aises on coupe du ch\u00eane jeune et souple. Il faut \u00e0 peu pr\u00e8s 2000 ch\u00eanes !<\/p>\n<p style=\"font-weight: 400;\">6\/ <u>De grands ateliers dont un sur le chantier<\/u><\/p>\n<p style=\"font-weight: 400;\">Dans toute la France et certains autres pays, les ateliers, charpentiers, sculpteurs, ma\u00eetres verriers etc. sont occup\u00e9s soit pour construire certaines pi\u00e8ces ou pour restaurer. D\u00e9j\u00e0 sur le chantier plusieurs ateliers se mettent en placent et posent en direct les fermes, pierres, etc. sur la cath\u00e9drale. Les carri\u00e8res livrent aussi les pierres qui sont sculpt\u00e9es sur le chantier.<\/p>\n<p style=\"font-weight: 400;\">7\/ <u>Bilan des travaux<\/u><\/p>\n<p style=\"font-weight: 400;\">Aujourd\u2019hui le projet \u00ab Reb\u00e2tir Notre-Dame \u00bb se termine doucement. Les ouvriers replacent statues et vitraux et enl\u00e8vent lentement les \u00e9chafaudages. Les plombiers et \u00e9lectriciens installent un syst\u00e8me pour lutter contre un \u00e9ventuel nouvel incendie.<\/p>\n<p style=\"font-weight: 400;\">8\/ <u>Une ouverture proche<\/u><\/p>\n<p style=\"font-weight: 400;\">La cath\u00e9drale Notre-Dame de Paris r\u00e9ouvrira le 8 d\u00e9cembre 2024.<\/p>\n<p style=\"font-weight: 400;\">Nous remercions M\u00e8re Marie Louis de Monfort d\u2019organiser de nombreuses sorties cette ann\u00e9e o\u00f9 nous apprenons \u00e0 chaque fois un peu plus l\u2019histoire de notre pays !<\/p>\n","protected":false},"excerpt":{"rendered":"<p>Une \u00e9l\u00e8ve de 5e nous partage un compte-rendu d\u00e9taill\u00e9 et organis\u00e9 de la visite avec sa classe sur le chantier de Notre-Dame : Sortie de classe \u00e0 Notre Dame de Paris pour voir l\u2019exposition \u00ab\u00a0Reb\u00e2tir Notre-Dame\u00a0\u00bb 1\/ O\u00f9 s\u2019est propag\u00e9 le feu lors de l\u2019incendie\u00a0?&#8230;<\/p>\n","protected":false},"author":2,"featured_media":2035,"comment_status":"open","ping_status":"open","sticky":false,"template":"","format":"standard","meta":[],"categories":[10,6,1,2,7],"tags":[],"yoast_head":"<!-- This site is optimized with the Yoast SEO plugin v16.9 - https:\/\/yoast.com\/wordpress\/plugins\/seo\/ -->\n<meta name=\"robots\" content=\"index, follow, max-snippet:-1, max-image-preview:large, max-video-preview:-1\" \/>\n<link rel=\"canonical\" href=\"https:\/\/st-pie-x.dominicaines-du-saint-esprit.fr\/index.php\/2024\/03\/18\/rebatir-notre-dame-reportage-au-coeur-du-chantier-de-la-cathedrale-de-paris\/\" \/>\n<meta property=\"og:locale\" content=\"fr_FR\" \/>\n<meta property=\"og:type\" content=\"article\" \/>\n<meta property=\"og:title\" content=\"Reb\u00e2tir Notre-Dame, reportage au coeur du chantier de la cath\u00e9drale de Paris - Institution Saint-Pie X\" \/>\n<meta property=\"og:description\" content=\"Une \u00e9l\u00e8ve de 5e nous partage un compte-rendu d\u00e9taill\u00e9 et organis\u00e9 de la visite avec sa classe sur le chantier de Notre-Dame : Sortie de classe \u00e0 Notre Dame de Paris pour voir l\u2019exposition \u00ab\u00a0Reb\u00e2tir Notre-Dame\u00a0\u00bb 1\/ O\u00f9 s\u2019est propag\u00e9 le feu lors de l\u2019incendie\u00a0?...\" \/>\n<meta property=\"og:url\" content=\"https:\/\/st-pie-x.dominicaines-du-saint-esprit.fr\/index.php\/2024\/03\/18\/rebatir-notre-dame-reportage-au-coeur-du-chantier-de-la-cathedrale-de-paris\/\" \/>\n<meta property=\"og:site_name\" content=\"Institution Saint-Pie X\" \/>\n<meta property=\"article:published_time\" content=\"2024-03-18T06:53:04+00:00\" \/>\n<meta property=\"article:modified_time\" content=\"2024-03-18T06:56:50+00:00\" \/>\n<meta property=\"og:image\" content=\"https:\/\/st-pie-x.dominicaines-du-saint-esprit.fr\/wp-content\/uploads\/2024\/03\/IMG_20240226_154302-scaled.jpg\" \/>\n\t<meta property=\"og:image:width\" content=\"1920\" \/>\n\t<meta property=\"og:image:height\" content=\"2560\" \/>\n<meta name=\"twitter:card\" content=\"summary_large_image\" \/>\n<meta name=\"twitter:label1\" content=\"\u00c9crit par\" \/>\n\t<meta name=\"twitter:data1\" content=\"Admin\" \/>\n\t<meta name=\"twitter:label2\" content=\"Dur\u00e9e de lecture est.\" \/>\n\t<meta name=\"twitter:data2\" content=\"3 minutes\" \/>\n<script type=\"application\/ld+json\" class=\"yoast-schema-graph\">{\"@context\":\"https:\/\/schema.org\",\"@graph\":[{\"@type\":\"Organization\",\"@id\":\"https:\/\/st-pie-x.dominicaines-du-saint-esprit.fr\/#organization\",\"name\":\"Institution Saint-Pie X\",\"url\":\"https:\/\/st-pie-x.dominicaines-du-saint-esprit.fr\/\",\"sameAs\":[],\"logo\":{\"@type\":\"ImageObject\",\"@id\":\"https:\/\/st-pie-x.dominicaines-du-saint-esprit.fr\/#logo\",\"inLanguage\":\"fr-FR\",\"url\":\"https:\/\/st-pie-x.dominicaines-du-saint-esprit.fr\/wp-content\/uploads\/2018\/10\/logo-dominicaines.png\",\"contentUrl\":\"https:\/\/st-pie-x.dominicaines-du-saint-esprit.fr\/wp-content\/uploads\/2018\/10\/logo-dominicaines.png\",\"width\":90,\"height\":120,\"caption\":\"Institution Saint-Pie X\"},\"image\":{\"@id\":\"https:\/\/st-pie-x.dominicaines-du-saint-esprit.fr\/#logo\"}},{\"@type\":\"WebSite\",\"@id\":\"https:\/\/st-pie-x.dominicaines-du-saint-esprit.fr\/#website\",\"url\":\"https:\/\/st-pie-x.dominicaines-du-saint-esprit.fr\/\",\"name\":\"Institution Saint-Pie X\",\"description\":\"Dominicaines du Saint-Esprit\",\"publisher\":{\"@id\":\"https:\/\/st-pie-x.dominicaines-du-saint-esprit.fr\/#organization\"},\"potentialAction\":[{\"@type\":\"SearchAction\",\"target\":{\"@type\":\"EntryPoint\",\"urlTemplate\":\"https:\/\/st-pie-x.dominicaines-du-saint-esprit.fr\/?s={search_term_string}\"},\"query-input\":\"required name=search_term_string\"}],\"inLanguage\":\"fr-FR\"},{\"@type\":\"ImageObject\",\"@id\":\"https:\/\/st-pie-x.dominicaines-du-saint-esprit.fr\/index.php\/2024\/03\/18\/rebatir-notre-dame-reportage-au-coeur-du-chantier-de-la-cathedrale-de-paris\/#primaryimage\",\"inLanguage\":\"fr-FR\",\"url\":\"https:\/\/st-pie-x.dominicaines-du-saint-esprit.fr\/wp-content\/uploads\/2024\/03\/IMG_20240226_154302-scaled.jpg\",\"contentUrl\":\"https:\/\/st-pie-x.dominicaines-du-saint-esprit.fr\/wp-content\/uploads\/2024\/03\/IMG_20240226_154302-scaled.jpg\",\"width\":1920,\"height\":2560,\"caption\":\"sdr\"},{\"@type\":\"WebPage\",\"@id\":\"https:\/\/st-pie-x.dominicaines-du-saint-esprit.fr\/index.php\/2024\/03\/18\/rebatir-notre-dame-reportage-au-coeur-du-chantier-de-la-cathedrale-de-paris\/#webpage\",\"url\":\"https:\/\/st-pie-x.dominicaines-du-saint-esprit.fr\/index.php\/2024\/03\/18\/rebatir-notre-dame-reportage-au-coeur-du-chantier-de-la-cathedrale-de-paris\/\",\"name\":\"Reb\\u00e2tir Notre-Dame, reportage au coeur du chantier de la cath\\u00e9drale de Paris - Institution Saint-Pie X\",\"isPartOf\":{\"@id\":\"https:\/\/st-pie-x.dominicaines-du-saint-esprit.fr\/#website\"},\"primaryImageOfPage\":{\"@id\":\"https:\/\/st-pie-x.dominicaines-du-saint-esprit.fr\/index.php\/2024\/03\/18\/rebatir-notre-dame-reportage-au-coeur-du-chantier-de-la-cathedrale-de-paris\/#primaryimage\"},\"datePublished\":\"2024-03-18T06:53:04+00:00\",\"dateModified\":\"2024-03-18T06:56:50+00:00\",\"breadcrumb\":{\"@id\":\"https:\/\/st-pie-x.dominicaines-du-saint-esprit.fr\/index.php\/2024\/03\/18\/rebatir-notre-dame-reportage-au-coeur-du-chantier-de-la-cathedrale-de-paris\/#breadcrumb\"},\"inLanguage\":\"fr-FR\",\"potentialAction\":[{\"@type\":\"ReadAction\",\"target\":[\"https:\/\/st-pie-x.dominicaines-du-saint-esprit.fr\/index.php\/2024\/03\/18\/rebatir-notre-dame-reportage-au-coeur-du-chantier-de-la-cathedrale-de-paris\/\"]}]},{\"@type\":\"BreadcrumbList\",\"@id\":\"https:\/\/st-pie-x.dominicaines-du-saint-esprit.fr\/index.php\/2024\/03\/18\/rebatir-notre-dame-reportage-au-coeur-du-chantier-de-la-cathedrale-de-paris\/#breadcrumb\",\"itemListElement\":[{\"@type\":\"ListItem\",\"position\":1,\"name\":\"Accueil\",\"item\":\"https:\/\/st-pie-x.dominicaines-du-saint-esprit.fr\/\"},{\"@type\":\"ListItem\",\"position\":2,\"name\":\"Reb\\u00e2tir Notre-Dame, reportage au coeur du chantier de la cath\\u00e9drale de Paris\"}]},{\"@type\":\"Article\",\"@id\":\"https:\/\/st-pie-x.dominicaines-du-saint-esprit.fr\/index.php\/2024\/03\/18\/rebatir-notre-dame-reportage-au-coeur-du-chantier-de-la-cathedrale-de-paris\/#article\",\"isPartOf\":{\"@id\":\"https:\/\/st-pie-x.dominicaines-du-saint-esprit.fr\/index.php\/2024\/03\/18\/rebatir-notre-dame-reportage-au-coeur-du-chantier-de-la-cathedrale-de-paris\/#webpage\"},\"author\":{\"@id\":\"https:\/\/st-pie-x.dominicaines-du-saint-esprit.fr\/#\/schema\/person\/afdbde961533c0394eb4ceb6a7f5d85d\"},\"headline\":\"Reb\\u00e2tir Notre-Dame, reportage au coeur du chantier de la cath\\u00e9drale de Paris\",\"datePublished\":\"2024-03-18T06:53:04+00:00\",\"dateModified\":\"2024-03-18T06:56:50+00:00\",\"mainEntityOfPage\":{\"@id\":\"https:\/\/st-pie-x.dominicaines-du-saint-esprit.fr\/index.php\/2024\/03\/18\/rebatir-notre-dame-reportage-au-coeur-du-chantier-de-la-cathedrale-de-paris\/#webpage\"},\"wordCount\":639,\"commentCount\":0,\"publisher\":{\"@id\":\"https:\/\/st-pie-x.dominicaines-du-saint-esprit.fr\/#organization\"},\"image\":{\"@id\":\"https:\/\/st-pie-x.dominicaines-du-saint-esprit.fr\/index.php\/2024\/03\/18\/rebatir-notre-dame-reportage-au-coeur-du-chantier-de-la-cathedrale-de-paris\/#primaryimage\"},\"thumbnailUrl\":\"https:\/\/st-pie-x.dominicaines-du-saint-esprit.fr\/wp-content\/uploads\/2024\/03\/IMG_20240226_154302-scaled.jpg\",\"articleSection\":{\"0\":\"A la une\",\"1\":\"Actualit\\u00e9s\",\"3\":\"Uncategorized\",\"4\":\"Vie de l'\\u00e9cole\"},\"inLanguage\":\"fr-FR\",\"potentialAction\":[{\"@type\":\"CommentAction\",\"name\":\"Comment\",\"target\":[\"https:\/\/st-pie-x.dominicaines-du-saint-esprit.fr\/index.php\/2024\/03\/18\/rebatir-notre-dame-reportage-au-coeur-du-chantier-de-la-cathedrale-de-paris\/#respond\"]}]},{\"@type\":\"Person\",\"@id\":\"https:\/\/st-pie-x.dominicaines-du-saint-esprit.fr\/#\/schema\/person\/afdbde961533c0394eb4ceb6a7f5d85d\",\"name\":\"Admin\",\"image\":{\"@type\":\"ImageObject\",\"@id\":\"https:\/\/st-pie-x.dominicaines-du-saint-esprit.fr\/#personlogo\",\"inLanguage\":\"fr-FR\",\"url\":\"https:\/\/secure.gravatar.com\/avatar\/3e7d08ba5a27a263be63b8c72ef6e260?s=96&d=mm&r=g\",\"contentUrl\":\"https:\/\/secure.gravatar.com\/avatar\/3e7d08ba5a27a263be63b8c72ef6e260?s=96&d=mm&r=g\",\"caption\":\"Admin\"}}]}<\/script>\n<!-- \/ Yoast SEO plugin. -->","yoast_head_json":{"robots":{"index":"index","follow":"follow","max-snippet":"max-snippet:-1","max-image-preview":"max-image-preview:large","max-video-preview":"max-video-preview:-1"},"canonical":"https:\/\/st-pie-x.dominicaines-du-saint-esprit.fr\/index.php\/2024\/03\/18\/rebatir-notre-dame-reportage-au-coeur-du-chantier-de-la-cathedrale-de-paris\/","og_locale":"fr_FR","og_type":"article","og_title":"Reb\u00e2tir Notre-Dame, reportage au coeur du chantier de la cath\u00e9drale de Paris - Institution Saint-Pie X","og_description":"Une \u00e9l\u00e8ve de 5e nous partage un compte-rendu d\u00e9taill\u00e9 et organis\u00e9 de la visite avec sa classe sur le chantier de Notre-Dame : Sortie de classe \u00e0 Notre Dame de Paris pour voir l\u2019exposition \u00ab\u00a0Reb\u00e2tir Notre-Dame\u00a0\u00bb 1\/ O\u00f9 s\u2019est propag\u00e9 le feu lors de l\u2019incendie\u00a0?...","og_url":"https:\/\/st-pie-x.dominicaines-du-saint-esprit.fr\/index.php\/2024\/03\/18\/rebatir-notre-dame-reportage-au-coeur-du-chantier-de-la-cathedrale-de-paris\/","og_site_name":"Institution Saint-Pie X","article_published_time":"2024-03-18T06:53:04+00:00","article_modified_time":"2024-03-18T06:56:50+00:00","og_image":[{"width":1920,"height":2560,"filesize":692990,"url":"https:\/\/st-pie-x.dominicaines-du-saint-esprit.fr\/wp-content\/uploads\/2024\/03\/IMG_20240226_154302-scaled.jpg","path":"\/home\/dominica\/sites\/st-pie-x\/production\/wp-content\/uploads\/2024\/03\/IMG_20240226_154302-scaled.jpg","size":"full","id":2035,"alt":"Notre-Dame et les 5e","pixels":4915200,"type":"image\/jpeg"}],"twitter_card":"summary_large_image","twitter_misc":{"\u00c9crit par":"Admin","Dur\u00e9e de lecture est.":"3 minutes"},"schema":{"@context":"https:\/\/schema.org","@graph":[{"@type":"Organization","@id":"https:\/\/st-pie-x.dominicaines-du-saint-esprit.fr\/#organization","name":"Institution Saint-Pie X","url":"https:\/\/st-pie-x.dominicaines-du-saint-esprit.fr\/","sameAs":[],"logo":{"@type":"ImageObject","@id":"https:\/\/st-pie-x.dominicaines-du-saint-esprit.fr\/#logo","inLanguage":"fr-FR","url":"https:\/\/st-pie-x.dominicaines-du-saint-esprit.fr\/wp-content\/uploads\/2018\/10\/logo-dominicaines.png","contentUrl":"https:\/\/st-pie-x.dominicaines-du-saint-esprit.fr\/wp-content\/uploads\/2018\/10\/logo-dominicaines.png","width":90,"height":120,"caption":"Institution Saint-Pie X"},"image":{"@id":"https:\/\/st-pie-x.dominicaines-du-saint-esprit.fr\/#logo"}},{"@type":"WebSite","@id":"https:\/\/st-pie-x.dominicaines-du-saint-esprit.fr\/#website","url":"https:\/\/st-pie-x.dominicaines-du-saint-esprit.fr\/","name":"Institution Saint-Pie X","description":"Dominicaines du Saint-Esprit","publisher":{"@id":"https:\/\/st-pie-x.dominicaines-du-saint-esprit.fr\/#organization"},"potentialAction":[{"@type":"SearchAction","target":{"@type":"EntryPoint","urlTemplate":"https:\/\/st-pie-x.dominicaines-du-saint-esprit.fr\/?s={search_term_string}"},"query-input":"required name=search_term_string"}],"inLanguage":"fr-FR"},{"@type":"ImageObject","@id":"https:\/\/st-pie-x.dominicaines-du-saint-esprit.fr\/index.php\/2024\/03\/18\/rebatir-notre-dame-reportage-au-coeur-du-chantier-de-la-cathedrale-de-paris\/#primaryimage","inLanguage":"fr-FR","url":"https:\/\/st-pie-x.dominicaines-du-saint-esprit.fr\/wp-content\/uploads\/2024\/03\/IMG_20240226_154302-scaled.jpg","contentUrl":"https:\/\/st-pie-x.dominicaines-du-saint-esprit.fr\/wp-content\/uploads\/2024\/03\/IMG_20240226_154302-scaled.jpg","width":1920,"height":2560,"caption":"sdr"},{"@type":"WebPage","@id":"https:\/\/st-pie-x.dominicaines-du-saint-esprit.fr\/index.php\/2024\/03\/18\/rebatir-notre-dame-reportage-au-coeur-du-chantier-de-la-cathedrale-de-paris\/#webpage","url":"https:\/\/st-pie-x.dominicaines-du-saint-esprit.fr\/index.php\/2024\/03\/18\/rebatir-notre-dame-reportage-au-coeur-du-chantier-de-la-cathedrale-de-paris\/","name":"Reb\u00e2tir Notre-Dame, reportage au coeur du chantier de la cath\u00e9drale de Paris - Institution Saint-Pie X","isPartOf":{"@id":"https:\/\/st-pie-x.dominicaines-du-saint-esprit.fr\/#website"},"primaryImageOfPage":{"@id":"https:\/\/st-pie-x.dominicaines-du-saint-esprit.fr\/index.php\/2024\/03\/18\/rebatir-notre-dame-reportage-au-coeur-du-chantier-de-la-cathedrale-de-paris\/#primaryimage"},"datePublished":"2024-03-18T06:53:04+00:00","dateModified":"2024-03-18T06:56:50+00:00","breadcrumb":{"@id":"https:\/\/st-pie-x.dominicaines-du-saint-esprit.fr\/index.php\/2024\/03\/18\/rebatir-notre-dame-reportage-au-coeur-du-chantier-de-la-cathedrale-de-paris\/#breadcrumb"},"inLanguage":"fr-FR","potentialAction":[{"@type":"ReadAction","target":["https:\/\/st-pie-x.dominicaines-du-saint-esprit.fr\/index.php\/2024\/03\/18\/rebatir-notre-dame-reportage-au-coeur-du-chantier-de-la-cathedrale-de-paris\/"]}]},{"@type":"BreadcrumbList","@id":"https:\/\/st-pie-x.dominicaines-du-saint-esprit.fr\/index.php\/2024\/03\/18\/rebatir-notre-dame-reportage-au-coeur-du-chantier-de-la-cathedrale-de-paris\/#breadcrumb","itemListElement":[{"@type":"ListItem","position":1,"name":"Accueil","item":"https:\/\/st-pie-x.dominicaines-du-saint-esprit.fr\/"},{"@type":"ListItem","position":2,"name":"Reb\u00e2tir Notre-Dame, reportage au coeur du chantier de la cath\u00e9drale de Paris"}]},{"@type":"Article","@id":"https:\/\/st-pie-x.dominicaines-du-saint-esprit.fr\/index.php\/2024\/03\/18\/rebatir-notre-dame-reportage-au-coeur-du-chantier-de-la-cathedrale-de-paris\/#article","isPartOf":{"@id":"https:\/\/st-pie-x.dominicaines-du-saint-esprit.fr\/index.php\/2024\/03\/18\/rebatir-notre-dame-reportage-au-coeur-du-chantier-de-la-cathedrale-de-paris\/#webpage"},"author":{"@id":"https:\/\/st-pie-x.dominicaines-du-saint-esprit.fr\/#\/schema\/person\/afdbde961533c0394eb4ceb6a7f5d85d"},"headline":"Reb\u00e2tir Notre-Dame, reportage au coeur du chantier de la cath\u00e9drale de Paris","datePublished":"2024-03-18T06:53:04+00:00","dateModified":"2024-03-18T06:56:50+00:00","mainEntityOfPage":{"@id":"https:\/\/st-pie-x.dominicaines-du-saint-esprit.fr\/index.php\/2024\/03\/18\/rebatir-notre-dame-reportage-au-coeur-du-chantier-de-la-cathedrale-de-paris\/#webpage"},"wordCount":639,"commentCount":0,"publisher":{"@id":"https:\/\/st-pie-x.dominicaines-du-saint-esprit.fr\/#organization"},"image":{"@id":"https:\/\/st-pie-x.dominicaines-du-saint-esprit.fr\/index.php\/2024\/03\/18\/rebatir-notre-dame-reportage-au-coeur-du-chantier-de-la-cathedrale-de-paris\/#primaryimage"},"thumbnailUrl":"https:\/\/st-pie-x.dominicaines-du-saint-esprit.fr\/wp-content\/uploads\/2024\/03\/IMG_20240226_154302-scaled.jpg","articleSection":{"0":"A la une","1":"Actualit\u00e9s","3":"Uncategorized","4":"Vie de l'\u00e9cole"},"inLanguage":"fr-FR","potentialAction":[{"@type":"CommentAction","name":"Comment","target":["https:\/\/st-pie-x.dominicaines-du-saint-esprit.fr\/index.php\/2024\/03\/18\/rebatir-notre-dame-reportage-au-coeur-du-chantier-de-la-cathedrale-de-paris\/#respond"]}]},{"@type":"Person","@id":"https:\/\/st-pie-x.dominicaines-du-saint-esprit.fr\/#\/schema\/person\/afdbde961533c0394eb4ceb6a7f5d85d","name":"Admin","image":{"@type":"ImageObject","@id":"https:\/\/st-pie-x.dominicaines-du-saint-esprit.fr\/#personlogo","inLanguage":"fr-FR","url":"https:\/\/secure.gravatar.com\/avatar\/3e7d08ba5a27a263be63b8c72ef6e260?s=96&d=mm&r=g","contentUrl":"https:\/\/secure.gravatar.com\/avatar\/3e7d08ba5a27a263be63b8c72ef6e260?s=96&d=mm&r=g","caption":"Admin"}}]}},"_links":{"self":[{"href":"https:\/\/st-pie-x.dominicaines-du-saint-esprit.fr\/index.php\/wp-json\/wp\/v2\/posts\/2036"}],"collection":[{"href":"https:\/\/st-pie-x.dominicaines-du-saint-esprit.fr\/index.php\/wp-json\/wp\/v2\/posts"}],"about":[{"href":"https:\/\/st-pie-x.dominicaines-du-saint-esprit.fr\/index.php\/wp-json\/wp\/v2\/types\/post"}],"author":[{"embeddable":true,"href":"https:\/\/st-pie-x.dominicaines-du-saint-esprit.fr\/index.php\/wp-json\/wp\/v2\/users\/2"}],"replies":[{"embeddable":true,"href":"https:\/\/st-pie-x.dominicaines-du-saint-esprit.fr\/index.php\/wp-json\/wp\/v2\/comments?post=2036"}],"version-history":[{"count":2,"href":"https:\/\/st-pie-x.dominicaines-du-saint-esprit.fr\/index.php\/wp-json\/wp\/v2\/posts\/2036\/revisions"}],"predecessor-version":[{"id":2038,"href":"https:\/\/st-pie-x.dominicaines-du-saint-esprit.fr\/index.php\/wp-json\/wp\/v2\/posts\/2036\/revisions\/2038"}],"wp:featuredmedia":[{"embeddable":true,"href":"https:\/\/st-pie-x.dominicaines-du-saint-esprit.fr\/index.php\/wp-json\/wp\/v2\/media\/2035"}],"wp:attachment":[{"href":"https:\/\/st-pie-x.dominicaines-du-saint-esprit.fr\/index.php\/wp-json\/wp\/v2\/media?parent=2036"}],"wp:term":[{"taxonomy":"category","embeddable":true,"href":"https:\/\/st-pie-x.dominicaines-du-saint-esprit.fr\/index.php\/wp-json\/wp\/v2\/categories?post=2036"},{"taxonomy":"post_tag","embeddable":true,"href":"https:\/\/st-pie-x.dominicaines-du-saint-esprit.fr\/index.php\/wp-json\/wp\/v2\/tags?post=2036"}],"curies":[{"name":"wp","href":"https:\/\/api.w.org\/{rel}","templated":true}]}}