{"id":2052,"date":"2024-03-25T13:13:35","date_gmt":"2024-03-25T12:13:35","guid":{"rendered":"https:\/\/st-pie-x.dominicaines-du-saint-esprit.fr\/?p=2052"},"modified":"2024-03-25T13:13:35","modified_gmt":"2024-03-25T12:13:35","slug":"saint-joseph-a-lhonneur","status":"publish","type":"post","link":"https:\/\/st-pie-x.dominicaines-du-saint-esprit.fr\/index.php\/2024\/03\/25\/saint-joseph-a-lhonneur\/","title":{"rendered":"Saint Joseph \u00e0 l&rsquo;honneur"},"content":{"rendered":"<p>Le 19 mars, \u00e0 l&rsquo;occasion de la f\u00eate de Saint Joseph, les 5e ont donn\u00e9 une repr\u00e9sentation tr\u00e8s appr\u00e9ci\u00e9e de la Farce de Ma\u00eetre Mimin. Nous avons \u00e0 cette occasion d\u00e9couvert les talents musicaux de certaines et les talents de com\u00e9diennes pour les autres. Merci aux 5e pour ce beau moment partag\u00e9 !<\/p>\n","protected":false},"excerpt":{"rendered":"<p>Le 19 mars, \u00e0 l&rsquo;occasion de la f\u00eate de Saint Joseph, les 5e ont donn\u00e9 une repr\u00e9sentation tr\u00e8s appr\u00e9ci\u00e9e de la Farce de Ma\u00eetre Mimin. Nous avons \u00e0 cette occasion d\u00e9couvert les talents musicaux de certaines et les talents de com\u00e9diennes pour les autres. Merci&#8230;<\/p>\n","protected":false},"author":2,"featured_media":2051,"comment_status":"open","ping_status":"open","sticky":false,"template":"","format":"standard","meta":[],"categories":[10,6,1,2,7],"tags":[],"yoast_head":"<!-- This site is optimized with the Yoast SEO plugin v16.9 - https:\/\/yoast.com\/wordpress\/plugins\/seo\/ -->\n<meta name=\"robots\" content=\"index, follow, max-snippet:-1, max-image-preview:large, max-video-preview:-1\" \/>\n<link rel=\"canonical\" href=\"https:\/\/st-pie-x.dominicaines-du-saint-esprit.fr\/index.php\/2024\/03\/25\/saint-joseph-a-lhonneur\/\" \/>\n<meta property=\"og:locale\" content=\"fr_FR\" \/>\n<meta property=\"og:type\" content=\"article\" \/>\n<meta property=\"og:title\" content=\"Saint Joseph \u00e0 l&#039;honneur - Institution Saint-Pie X\" \/>\n<meta property=\"og:description\" content=\"Le 19 mars, \u00e0 l&rsquo;occasion de la f\u00eate de Saint Joseph, les 5e ont donn\u00e9 une repr\u00e9sentation tr\u00e8s appr\u00e9ci\u00e9e de la Farce de Ma\u00eetre Mimin. Nous avons \u00e0 cette occasion d\u00e9couvert les talents musicaux de certaines et les talents de com\u00e9diennes pour les autres. Merci...\" \/>\n<meta property=\"og:url\" content=\"https:\/\/st-pie-x.dominicaines-du-saint-esprit.fr\/index.php\/2024\/03\/25\/saint-joseph-a-lhonneur\/\" \/>\n<meta property=\"og:site_name\" content=\"Institution Saint-Pie X\" \/>\n<meta property=\"article:published_time\" content=\"2024-03-25T12:13:35+00:00\" \/>\n<meta property=\"og:image\" content=\"https:\/\/st-pie-x.dominicaines-du-saint-esprit.fr\/wp-content\/uploads\/2024\/03\/Theatre-2-scaled-e1711368685315.jpg\" \/>\n\t<meta property=\"og:image:width\" content=\"2182\" \/>\n\t<meta property=\"og:image:height\" content=\"1062\" \/>\n<meta name=\"twitter:card\" content=\"summary_large_image\" \/>\n<meta name=\"twitter:label1\" content=\"\u00c9crit par\" \/>\n\t<meta name=\"twitter:data1\" content=\"Admin\" \/>\n\t<meta name=\"twitter:label2\" content=\"Dur\u00e9e de lecture est.\" \/>\n\t<meta name=\"twitter:data2\" content=\"1 minute\" \/>\n<script type=\"application\/ld+json\" class=\"yoast-schema-graph\">{\"@context\":\"https:\/\/schema.org\",\"@graph\":[{\"@type\":\"Organization\",\"@id\":\"https:\/\/st-pie-x.dominicaines-du-saint-esprit.fr\/#organization\",\"name\":\"Institution Saint-Pie X\",\"url\":\"https:\/\/st-pie-x.dominicaines-du-saint-esprit.fr\/\",\"sameAs\":[],\"logo\":{\"@type\":\"ImageObject\",\"@id\":\"https:\/\/st-pie-x.dominicaines-du-saint-esprit.fr\/#logo\",\"inLanguage\":\"fr-FR\",\"url\":\"https:\/\/st-pie-x.dominicaines-du-saint-esprit.fr\/wp-content\/uploads\/2018\/10\/logo-dominicaines.png\",\"contentUrl\":\"https:\/\/st-pie-x.dominicaines-du-saint-esprit.fr\/wp-content\/uploads\/2018\/10\/logo-dominicaines.png\",\"width\":90,\"height\":120,\"caption\":\"Institution Saint-Pie X\"},\"image\":{\"@id\":\"https:\/\/st-pie-x.dominicaines-du-saint-esprit.fr\/#logo\"}},{\"@type\":\"WebSite\",\"@id\":\"https:\/\/st-pie-x.dominicaines-du-saint-esprit.fr\/#website\",\"url\":\"https:\/\/st-pie-x.dominicaines-du-saint-esprit.fr\/\",\"name\":\"Institution Saint-Pie X\",\"description\":\"Dominicaines du Saint-Esprit\",\"publisher\":{\"@id\":\"https:\/\/st-pie-x.dominicaines-du-saint-esprit.fr\/#organization\"},\"potentialAction\":[{\"@type\":\"SearchAction\",\"target\":{\"@type\":\"EntryPoint\",\"urlTemplate\":\"https:\/\/st-pie-x.dominicaines-du-saint-esprit.fr\/?s={search_term_string}\"},\"query-input\":\"required name=search_term_string\"}],\"inLanguage\":\"fr-FR\"},{\"@type\":\"ImageObject\",\"@id\":\"https:\/\/st-pie-x.dominicaines-du-saint-esprit.fr\/index.php\/2024\/03\/25\/saint-joseph-a-lhonneur\/#primaryimage\",\"inLanguage\":\"fr-FR\",\"url\":\"https:\/\/st-pie-x.dominicaines-du-saint-esprit.fr\/wp-content\/uploads\/2024\/03\/Theatre-2-scaled-e1711368685315.jpg\",\"contentUrl\":\"https:\/\/st-pie-x.dominicaines-du-saint-esprit.fr\/wp-content\/uploads\/2024\/03\/Theatre-2-scaled-e1711368685315.jpg\",\"width\":2182,\"height\":1062},{\"@type\":\"WebPage\",\"@id\":\"https:\/\/st-pie-x.dominicaines-du-saint-esprit.fr\/index.php\/2024\/03\/25\/saint-joseph-a-lhonneur\/#webpage\",\"url\":\"https:\/\/st-pie-x.dominicaines-du-saint-esprit.fr\/index.php\/2024\/03\/25\/saint-joseph-a-lhonneur\/\",\"name\":\"Saint Joseph \\u00e0 l'honneur - Institution Saint-Pie X\",\"isPartOf\":{\"@id\":\"https:\/\/st-pie-x.dominicaines-du-saint-esprit.fr\/#website\"},\"primaryImageOfPage\":{\"@id\":\"https:\/\/st-pie-x.dominicaines-du-saint-esprit.fr\/index.php\/2024\/03\/25\/saint-joseph-a-lhonneur\/#primaryimage\"},\"datePublished\":\"2024-03-25T12:13:35+00:00\",\"dateModified\":\"2024-03-25T12:13:35+00:00\",\"breadcrumb\":{\"@id\":\"https:\/\/st-pie-x.dominicaines-du-saint-esprit.fr\/index.php\/2024\/03\/25\/saint-joseph-a-lhonneur\/#breadcrumb\"},\"inLanguage\":\"fr-FR\",\"potentialAction\":[{\"@type\":\"ReadAction\",\"target\":[\"https:\/\/st-pie-x.dominicaines-du-saint-esprit.fr\/index.php\/2024\/03\/25\/saint-joseph-a-lhonneur\/\"]}]},{\"@type\":\"BreadcrumbList\",\"@id\":\"https:\/\/st-pie-x.dominicaines-du-saint-esprit.fr\/index.php\/2024\/03\/25\/saint-joseph-a-lhonneur\/#breadcrumb\",\"itemListElement\":[{\"@type\":\"ListItem\",\"position\":1,\"name\":\"Accueil\",\"item\":\"https:\/\/st-pie-x.dominicaines-du-saint-esprit.fr\/\"},{\"@type\":\"ListItem\",\"position\":2,\"name\":\"Saint Joseph \\u00e0 l&rsquo;honneur\"}]},{\"@type\":\"Article\",\"@id\":\"https:\/\/st-pie-x.dominicaines-du-saint-esprit.fr\/index.php\/2024\/03\/25\/saint-joseph-a-lhonneur\/#article\",\"isPartOf\":{\"@id\":\"https:\/\/st-pie-x.dominicaines-du-saint-esprit.fr\/index.php\/2024\/03\/25\/saint-joseph-a-lhonneur\/#webpage\"},\"author\":{\"@id\":\"https:\/\/st-pie-x.dominicaines-du-saint-esprit.fr\/#\/schema\/person\/afdbde961533c0394eb4ceb6a7f5d85d\"},\"headline\":\"Saint Joseph \\u00e0 l&rsquo;honneur\",\"datePublished\":\"2024-03-25T12:13:35+00:00\",\"dateModified\":\"2024-03-25T12:13:35+00:00\",\"mainEntityOfPage\":{\"@id\":\"https:\/\/st-pie-x.dominicaines-du-saint-esprit.fr\/index.php\/2024\/03\/25\/saint-joseph-a-lhonneur\/#webpage\"},\"wordCount\":60,\"commentCount\":0,\"publisher\":{\"@id\":\"https:\/\/st-pie-x.dominicaines-du-saint-esprit.fr\/#organization\"},\"image\":{\"@id\":\"https:\/\/st-pie-x.dominicaines-du-saint-esprit.fr\/index.php\/2024\/03\/25\/saint-joseph-a-lhonneur\/#primaryimage\"},\"thumbnailUrl\":\"https:\/\/st-pie-x.dominicaines-du-saint-esprit.fr\/wp-content\/uploads\/2024\/03\/Theatre-2-scaled-e1711368685315.jpg\",\"articleSection\":{\"0\":\"A la une\",\"1\":\"Actualit\\u00e9s\",\"3\":\"Uncategorized\",\"4\":\"Vie de l'\\u00e9cole\"},\"inLanguage\":\"fr-FR\",\"potentialAction\":[{\"@type\":\"CommentAction\",\"name\":\"Comment\",\"target\":[\"https:\/\/st-pie-x.dominicaines-du-saint-esprit.fr\/index.php\/2024\/03\/25\/saint-joseph-a-lhonneur\/#respond\"]}]},{\"@type\":\"Person\",\"@id\":\"https:\/\/st-pie-x.dominicaines-du-saint-esprit.fr\/#\/schema\/person\/afdbde961533c0394eb4ceb6a7f5d85d\",\"name\":\"Admin\",\"image\":{\"@type\":\"ImageObject\",\"@id\":\"https:\/\/st-pie-x.dominicaines-du-saint-esprit.fr\/#personlogo\",\"inLanguage\":\"fr-FR\",\"url\":\"https:\/\/secure.gravatar.com\/avatar\/3e7d08ba5a27a263be63b8c72ef6e260?s=96&d=mm&r=g\",\"contentUrl\":\"https:\/\/secure.gravatar.com\/avatar\/3e7d08ba5a27a263be63b8c72ef6e260?s=96&d=mm&r=g\",\"caption\":\"Admin\"}}]}<\/script>\n<!-- \/ Yoast SEO plugin. -->","yoast_head_json":{"robots":{"index":"index","follow":"follow","max-snippet":"max-snippet:-1","max-image-preview":"max-image-preview:large","max-video-preview":"max-video-preview:-1"},"canonical":"https:\/\/st-pie-x.dominicaines-du-saint-esprit.fr\/index.php\/2024\/03\/25\/saint-joseph-a-lhonneur\/","og_locale":"fr_FR","og_type":"article","og_title":"Saint Joseph \u00e0 l'honneur - Institution Saint-Pie X","og_description":"Le 19 mars, \u00e0 l&rsquo;occasion de la f\u00eate de Saint Joseph, les 5e ont donn\u00e9 une repr\u00e9sentation tr\u00e8s appr\u00e9ci\u00e9e de la Farce de Ma\u00eetre Mimin. Nous avons \u00e0 cette occasion d\u00e9couvert les talents musicaux de certaines et les talents de com\u00e9diennes pour les autres. Merci...","og_url":"https:\/\/st-pie-x.dominicaines-du-saint-esprit.fr\/index.php\/2024\/03\/25\/saint-joseph-a-lhonneur\/","og_site_name":"Institution Saint-Pie X","article_published_time":"2024-03-25T12:13:35+00:00","og_image":[{"width":2182,"height":1062,"filesize":665140,"url":"https:\/\/st-pie-x.dominicaines-du-saint-esprit.fr\/wp-content\/uploads\/2024\/03\/Theatre-2-scaled-e1711368685315.jpg","path":"\/home\/dominica\/sites\/st-pie-x\/production\/wp-content\/uploads\/2024\/03\/Theatre-2-scaled-e1711368685315.jpg","size":"full","id":2051,"alt":"","pixels":2317284,"type":"image\/jpeg"}],"twitter_card":"summary_large_image","twitter_misc":{"\u00c9crit par":"Admin","Dur\u00e9e de lecture est.":"1 minute"},"schema":{"@context":"https:\/\/schema.org","@graph":[{"@type":"Organization","@id":"https:\/\/st-pie-x.dominicaines-du-saint-esprit.fr\/#organization","name":"Institution Saint-Pie X","url":"https:\/\/st-pie-x.dominicaines-du-saint-esprit.fr\/","sameAs":[],"logo":{"@type":"ImageObject","@id":"https:\/\/st-pie-x.dominicaines-du-saint-esprit.fr\/#logo","inLanguage":"fr-FR","url":"https:\/\/st-pie-x.dominicaines-du-saint-esprit.fr\/wp-content\/uploads\/2018\/10\/logo-dominicaines.png","contentUrl":"https:\/\/st-pie-x.dominicaines-du-saint-esprit.fr\/wp-content\/uploads\/2018\/10\/logo-dominicaines.png","width":90,"height":120,"caption":"Institution Saint-Pie X"},"image":{"@id":"https:\/\/st-pie-x.dominicaines-du-saint-esprit.fr\/#logo"}},{"@type":"WebSite","@id":"https:\/\/st-pie-x.dominicaines-du-saint-esprit.fr\/#website","url":"https:\/\/st-pie-x.dominicaines-du-saint-esprit.fr\/","name":"Institution Saint-Pie X","description":"Dominicaines du Saint-Esprit","publisher":{"@id":"https:\/\/st-pie-x.dominicaines-du-saint-esprit.fr\/#organization"},"potentialAction":[{"@type":"SearchAction","target":{"@type":"EntryPoint","urlTemplate":"https:\/\/st-pie-x.dominicaines-du-saint-esprit.fr\/?s={search_term_string}"},"query-input":"required name=search_term_string"}],"inLanguage":"fr-FR"},{"@type":"ImageObject","@id":"https:\/\/st-pie-x.dominicaines-du-saint-esprit.fr\/index.php\/2024\/03\/25\/saint-joseph-a-lhonneur\/#primaryimage","inLanguage":"fr-FR","url":"https:\/\/st-pie-x.dominicaines-du-saint-esprit.fr\/wp-content\/uploads\/2024\/03\/Theatre-2-scaled-e1711368685315.jpg","contentUrl":"https:\/\/st-pie-x.dominicaines-du-saint-esprit.fr\/wp-content\/uploads\/2024\/03\/Theatre-2-scaled-e1711368685315.jpg","width":2182,"height":1062},{"@type":"WebPage","@id":"https:\/\/st-pie-x.dominicaines-du-saint-esprit.fr\/index.php\/2024\/03\/25\/saint-joseph-a-lhonneur\/#webpage","url":"https:\/\/st-pie-x.dominicaines-du-saint-esprit.fr\/index.php\/2024\/03\/25\/saint-joseph-a-lhonneur\/","name":"Saint Joseph \u00e0 l'honneur - Institution Saint-Pie X","isPartOf":{"@id":"https:\/\/st-pie-x.dominicaines-du-saint-esprit.fr\/#website"},"primaryImageOfPage":{"@id":"https:\/\/st-pie-x.dominicaines-du-saint-esprit.fr\/index.php\/2024\/03\/25\/saint-joseph-a-lhonneur\/#primaryimage"},"datePublished":"2024-03-25T12:13:35+00:00","dateModified":"2024-03-25T12:13:35+00:00","breadcrumb":{"@id":"https:\/\/st-pie-x.dominicaines-du-saint-esprit.fr\/index.php\/2024\/03\/25\/saint-joseph-a-lhonneur\/#breadcrumb"},"inLanguage":"fr-FR","potentialAction":[{"@type":"ReadAction","target":["https:\/\/st-pie-x.dominicaines-du-saint-esprit.fr\/index.php\/2024\/03\/25\/saint-joseph-a-lhonneur\/"]}]},{"@type":"BreadcrumbList","@id":"https:\/\/st-pie-x.dominicaines-du-saint-esprit.fr\/index.php\/2024\/03\/25\/saint-joseph-a-lhonneur\/#breadcrumb","itemListElement":[{"@type":"ListItem","position":1,"name":"Accueil","item":"https:\/\/st-pie-x.dominicaines-du-saint-esprit.fr\/"},{"@type":"ListItem","position":2,"name":"Saint Joseph \u00e0 l&rsquo;honneur"}]},{"@type":"Article","@id":"https:\/\/st-pie-x.dominicaines-du-saint-esprit.fr\/index.php\/2024\/03\/25\/saint-joseph-a-lhonneur\/#article","isPartOf":{"@id":"https:\/\/st-pie-x.dominicaines-du-saint-esprit.fr\/index.php\/2024\/03\/25\/saint-joseph-a-lhonneur\/#webpage"},"author":{"@id":"https:\/\/st-pie-x.dominicaines-du-saint-esprit.fr\/#\/schema\/person\/afdbde961533c0394eb4ceb6a7f5d85d"},"headline":"Saint Joseph \u00e0 l&rsquo;honneur","datePublished":"2024-03-25T12:13:35+00:00","dateModified":"2024-03-25T12:13:35+00:00","mainEntityOfPage":{"@id":"https:\/\/st-pie-x.dominicaines-du-saint-esprit.fr\/index.php\/2024\/03\/25\/saint-joseph-a-lhonneur\/#webpage"},"wordCount":60,"commentCount":0,"publisher":{"@id":"https:\/\/st-pie-x.dominicaines-du-saint-esprit.fr\/#organization"},"image":{"@id":"https:\/\/st-pie-x.dominicaines-du-saint-esprit.fr\/index.php\/2024\/03\/25\/saint-joseph-a-lhonneur\/#primaryimage"},"thumbnailUrl":"https:\/\/st-pie-x.dominicaines-du-saint-esprit.fr\/wp-content\/uploads\/2024\/03\/Theatre-2-scaled-e1711368685315.jpg","articleSection":{"0":"A la une","1":"Actualit\u00e9s","3":"Uncategorized","4":"Vie de l'\u00e9cole"},"inLanguage":"fr-FR","potentialAction":[{"@type":"CommentAction","name":"Comment","target":["https:\/\/st-pie-x.dominicaines-du-saint-esprit.fr\/index.php\/2024\/03\/25\/saint-joseph-a-lhonneur\/#respond"]}]},{"@type":"Person","@id":"https:\/\/st-pie-x.dominicaines-du-saint-esprit.fr\/#\/schema\/person\/afdbde961533c0394eb4ceb6a7f5d85d","name":"Admin","image":{"@type":"ImageObject","@id":"https:\/\/st-pie-x.dominicaines-du-saint-esprit.fr\/#personlogo","inLanguage":"fr-FR","url":"https:\/\/secure.gravatar.com\/avatar\/3e7d08ba5a27a263be63b8c72ef6e260?s=96&d=mm&r=g","contentUrl":"https:\/\/secure.gravatar.com\/avatar\/3e7d08ba5a27a263be63b8c72ef6e260?s=96&d=mm&r=g","caption":"Admin"}}]}},"_links":{"self":[{"href":"https:\/\/st-pie-x.dominicaines-du-saint-esprit.fr\/index.php\/wp-json\/wp\/v2\/posts\/2052"}],"collection":[{"href":"https:\/\/st-pie-x.dominicaines-du-saint-esprit.fr\/index.php\/wp-json\/wp\/v2\/posts"}],"about":[{"href":"https:\/\/st-pie-x.dominicaines-du-saint-esprit.fr\/index.php\/wp-json\/wp\/v2\/types\/post"}],"author":[{"embeddable":true,"href":"https:\/\/st-pie-x.dominicaines-du-saint-esprit.fr\/index.php\/wp-json\/wp\/v2\/users\/2"}],"replies":[{"embeddable":true,"href":"https:\/\/st-pie-x.dominicaines-du-saint-esprit.fr\/index.php\/wp-json\/wp\/v2\/comments?post=2052"}],"version-history":[{"count":1,"href":"https:\/\/st-pie-x.dominicaines-du-saint-esprit.fr\/index.php\/wp-json\/wp\/v2\/posts\/2052\/revisions"}],"predecessor-version":[{"id":2053,"href":"https:\/\/st-pie-x.dominicaines-du-saint-esprit.fr\/index.php\/wp-json\/wp\/v2\/posts\/2052\/revisions\/2053"}],"wp:featuredmedia":[{"embeddable":true,"href":"https:\/\/st-pie-x.dominicaines-du-saint-esprit.fr\/index.php\/wp-json\/wp\/v2\/media\/2051"}],"wp:attachment":[{"href":"https:\/\/st-pie-x.dominicaines-du-saint-esprit.fr\/index.php\/wp-json\/wp\/v2\/media?parent=2052"}],"wp:term":[{"taxonomy":"category","embeddable":true,"href":"https:\/\/st-pie-x.dominicaines-du-saint-esprit.fr\/index.php\/wp-json\/wp\/v2\/categories?post=2052"},{"taxonomy":"post_tag","embeddable":true,"href":"https:\/\/st-pie-x.dominicaines-du-saint-esprit.fr\/index.php\/wp-json\/wp\/v2\/tags?post=2052"}],"curies":[{"name":"wp","href":"https:\/\/api.w.org\/{rel}","templated":true}]}}