{"id":2123,"date":"2024-06-12T23:49:48","date_gmt":"2024-06-12T21:49:48","guid":{"rendered":"https:\/\/st-pie-x.dominicaines-du-saint-esprit.fr\/?p=2123"},"modified":"2024-06-12T23:49:48","modified_gmt":"2024-06-12T21:49:48","slug":"le-plumier-dor","status":"publish","type":"post","link":"https:\/\/st-pie-x.dominicaines-du-saint-esprit.fr\/index.php\/2024\/06\/12\/le-plumier-dor\/","title":{"rendered":"Le Plumier d&rsquo;or"},"content":{"rendered":"<div>Mercredi 5 juin, dans l&rsquo;auditorium du mus\u00e9e de la Marine, se tenait la 28e remise des prix du Plumier d&rsquo;or. Quelques 21725 \u00e9l\u00e8ves de 900 classes de 4e ont pris part au concours. Les 60 laur\u00e9ats ont \u00e9t\u00e9 re\u00e7us comme des rois ( superbe visite priv\u00e9e du mus\u00e9e de la Marine et d\u00e9jeuner excellent face \u00e0 la Tour Eiffel). Clarisse, laur\u00e9ate de notre coll\u00e8ge est arriv\u00e9e 42e ! Bravo Clarisse !<\/div>\n<div class=\"moz-forward-container\"><\/div>\n<div class=\"moz-forward-container\"><\/div>\n","protected":false},"excerpt":{"rendered":"<p>Mercredi 5 juin, dans l&rsquo;auditorium du mus\u00e9e de la Marine, se tenait la 28e remise des prix du Plumier d&rsquo;or. Quelques 21725 \u00e9l\u00e8ves de 900 classes de 4e ont pris part au concours. Les 60 laur\u00e9ats ont \u00e9t\u00e9 re\u00e7us comme des rois ( superbe visite&#8230;<\/p>\n","protected":false},"author":2,"featured_media":2122,"comment_status":"open","ping_status":"open","sticky":false,"template":"","format":"standard","meta":[],"categories":[10,6,1,2,7],"tags":[],"yoast_head":"<!-- This site is optimized with the Yoast SEO plugin v16.9 - https:\/\/yoast.com\/wordpress\/plugins\/seo\/ -->\n<meta name=\"robots\" content=\"index, follow, max-snippet:-1, max-image-preview:large, max-video-preview:-1\" \/>\n<link rel=\"canonical\" href=\"https:\/\/st-pie-x.dominicaines-du-saint-esprit.fr\/index.php\/2024\/06\/12\/le-plumier-dor\/\" \/>\n<meta property=\"og:locale\" content=\"fr_FR\" \/>\n<meta property=\"og:type\" content=\"article\" \/>\n<meta property=\"og:title\" content=\"Le Plumier d&#039;or - Institution Saint-Pie X\" \/>\n<meta property=\"og:description\" content=\"Mercredi 5 juin, dans l&rsquo;auditorium du mus\u00e9e de la Marine, se tenait la 28e remise des prix du Plumier d&rsquo;or. Quelques 21725 \u00e9l\u00e8ves de 900 classes de 4e ont pris part au concours. Les 60 laur\u00e9ats ont \u00e9t\u00e9 re\u00e7us comme des rois ( superbe visite...\" \/>\n<meta property=\"og:url\" content=\"https:\/\/st-pie-x.dominicaines-du-saint-esprit.fr\/index.php\/2024\/06\/12\/le-plumier-dor\/\" \/>\n<meta property=\"og:site_name\" content=\"Institution Saint-Pie X\" \/>\n<meta property=\"article:published_time\" content=\"2024-06-12T21:49:48+00:00\" \/>\n<meta property=\"og:image\" content=\"https:\/\/st-pie-x.dominicaines-du-saint-esprit.fr\/wp-content\/uploads\/2024\/06\/Clarisse-Plumier-dor-scaled.jpg\" \/>\n\t<meta property=\"og:image:width\" content=\"1920\" \/>\n\t<meta property=\"og:image:height\" content=\"2560\" \/>\n<meta name=\"twitter:card\" content=\"summary_large_image\" \/>\n<meta name=\"twitter:label1\" content=\"\u00c9crit par\" \/>\n\t<meta name=\"twitter:data1\" content=\"Admin\" \/>\n\t<meta name=\"twitter:label2\" content=\"Dur\u00e9e de lecture est.\" \/>\n\t<meta name=\"twitter:data2\" content=\"1 minute\" \/>\n<script type=\"application\/ld+json\" class=\"yoast-schema-graph\">{\"@context\":\"https:\/\/schema.org\",\"@graph\":[{\"@type\":\"Organization\",\"@id\":\"https:\/\/st-pie-x.dominicaines-du-saint-esprit.fr\/#organization\",\"name\":\"Institution Saint-Pie X\",\"url\":\"https:\/\/st-pie-x.dominicaines-du-saint-esprit.fr\/\",\"sameAs\":[],\"logo\":{\"@type\":\"ImageObject\",\"@id\":\"https:\/\/st-pie-x.dominicaines-du-saint-esprit.fr\/#logo\",\"inLanguage\":\"fr-FR\",\"url\":\"https:\/\/st-pie-x.dominicaines-du-saint-esprit.fr\/wp-content\/uploads\/2018\/10\/logo-dominicaines.png\",\"contentUrl\":\"https:\/\/st-pie-x.dominicaines-du-saint-esprit.fr\/wp-content\/uploads\/2018\/10\/logo-dominicaines.png\",\"width\":90,\"height\":120,\"caption\":\"Institution Saint-Pie X\"},\"image\":{\"@id\":\"https:\/\/st-pie-x.dominicaines-du-saint-esprit.fr\/#logo\"}},{\"@type\":\"WebSite\",\"@id\":\"https:\/\/st-pie-x.dominicaines-du-saint-esprit.fr\/#website\",\"url\":\"https:\/\/st-pie-x.dominicaines-du-saint-esprit.fr\/\",\"name\":\"Institution Saint-Pie X\",\"description\":\"Dominicaines du Saint-Esprit\",\"publisher\":{\"@id\":\"https:\/\/st-pie-x.dominicaines-du-saint-esprit.fr\/#organization\"},\"potentialAction\":[{\"@type\":\"SearchAction\",\"target\":{\"@type\":\"EntryPoint\",\"urlTemplate\":\"https:\/\/st-pie-x.dominicaines-du-saint-esprit.fr\/?s={search_term_string}\"},\"query-input\":\"required name=search_term_string\"}],\"inLanguage\":\"fr-FR\"},{\"@type\":\"ImageObject\",\"@id\":\"https:\/\/st-pie-x.dominicaines-du-saint-esprit.fr\/index.php\/2024\/06\/12\/le-plumier-dor\/#primaryimage\",\"inLanguage\":\"fr-FR\",\"url\":\"https:\/\/st-pie-x.dominicaines-du-saint-esprit.fr\/wp-content\/uploads\/2024\/06\/Clarisse-Plumier-dor-scaled.jpg\",\"contentUrl\":\"https:\/\/st-pie-x.dominicaines-du-saint-esprit.fr\/wp-content\/uploads\/2024\/06\/Clarisse-Plumier-dor-scaled.jpg\",\"width\":1920,\"height\":2560},{\"@type\":\"WebPage\",\"@id\":\"https:\/\/st-pie-x.dominicaines-du-saint-esprit.fr\/index.php\/2024\/06\/12\/le-plumier-dor\/#webpage\",\"url\":\"https:\/\/st-pie-x.dominicaines-du-saint-esprit.fr\/index.php\/2024\/06\/12\/le-plumier-dor\/\",\"name\":\"Le Plumier d'or - Institution Saint-Pie X\",\"isPartOf\":{\"@id\":\"https:\/\/st-pie-x.dominicaines-du-saint-esprit.fr\/#website\"},\"primaryImageOfPage\":{\"@id\":\"https:\/\/st-pie-x.dominicaines-du-saint-esprit.fr\/index.php\/2024\/06\/12\/le-plumier-dor\/#primaryimage\"},\"datePublished\":\"2024-06-12T21:49:48+00:00\",\"dateModified\":\"2024-06-12T21:49:48+00:00\",\"breadcrumb\":{\"@id\":\"https:\/\/st-pie-x.dominicaines-du-saint-esprit.fr\/index.php\/2024\/06\/12\/le-plumier-dor\/#breadcrumb\"},\"inLanguage\":\"fr-FR\",\"potentialAction\":[{\"@type\":\"ReadAction\",\"target\":[\"https:\/\/st-pie-x.dominicaines-du-saint-esprit.fr\/index.php\/2024\/06\/12\/le-plumier-dor\/\"]}]},{\"@type\":\"BreadcrumbList\",\"@id\":\"https:\/\/st-pie-x.dominicaines-du-saint-esprit.fr\/index.php\/2024\/06\/12\/le-plumier-dor\/#breadcrumb\",\"itemListElement\":[{\"@type\":\"ListItem\",\"position\":1,\"name\":\"Accueil\",\"item\":\"https:\/\/st-pie-x.dominicaines-du-saint-esprit.fr\/\"},{\"@type\":\"ListItem\",\"position\":2,\"name\":\"Le Plumier d&rsquo;or\"}]},{\"@type\":\"Article\",\"@id\":\"https:\/\/st-pie-x.dominicaines-du-saint-esprit.fr\/index.php\/2024\/06\/12\/le-plumier-dor\/#article\",\"isPartOf\":{\"@id\":\"https:\/\/st-pie-x.dominicaines-du-saint-esprit.fr\/index.php\/2024\/06\/12\/le-plumier-dor\/#webpage\"},\"author\":{\"@id\":\"https:\/\/st-pie-x.dominicaines-du-saint-esprit.fr\/#\/schema\/person\/afdbde961533c0394eb4ceb6a7f5d85d\"},\"headline\":\"Le Plumier d&rsquo;or\",\"datePublished\":\"2024-06-12T21:49:48+00:00\",\"dateModified\":\"2024-06-12T21:49:48+00:00\",\"mainEntityOfPage\":{\"@id\":\"https:\/\/st-pie-x.dominicaines-du-saint-esprit.fr\/index.php\/2024\/06\/12\/le-plumier-dor\/#webpage\"},\"wordCount\":76,\"commentCount\":0,\"publisher\":{\"@id\":\"https:\/\/st-pie-x.dominicaines-du-saint-esprit.fr\/#organization\"},\"image\":{\"@id\":\"https:\/\/st-pie-x.dominicaines-du-saint-esprit.fr\/index.php\/2024\/06\/12\/le-plumier-dor\/#primaryimage\"},\"thumbnailUrl\":\"https:\/\/st-pie-x.dominicaines-du-saint-esprit.fr\/wp-content\/uploads\/2024\/06\/Clarisse-Plumier-dor-scaled.jpg\",\"articleSection\":{\"0\":\"A la une\",\"1\":\"Actualit\\u00e9s\",\"3\":\"Uncategorized\",\"4\":\"Vie de l'\\u00e9cole\"},\"inLanguage\":\"fr-FR\",\"potentialAction\":[{\"@type\":\"CommentAction\",\"name\":\"Comment\",\"target\":[\"https:\/\/st-pie-x.dominicaines-du-saint-esprit.fr\/index.php\/2024\/06\/12\/le-plumier-dor\/#respond\"]}]},{\"@type\":\"Person\",\"@id\":\"https:\/\/st-pie-x.dominicaines-du-saint-esprit.fr\/#\/schema\/person\/afdbde961533c0394eb4ceb6a7f5d85d\",\"name\":\"Admin\",\"image\":{\"@type\":\"ImageObject\",\"@id\":\"https:\/\/st-pie-x.dominicaines-du-saint-esprit.fr\/#personlogo\",\"inLanguage\":\"fr-FR\",\"url\":\"https:\/\/secure.gravatar.com\/avatar\/3e7d08ba5a27a263be63b8c72ef6e260?s=96&d=mm&r=g\",\"contentUrl\":\"https:\/\/secure.gravatar.com\/avatar\/3e7d08ba5a27a263be63b8c72ef6e260?s=96&d=mm&r=g\",\"caption\":\"Admin\"}}]}<\/script>\n<!-- \/ Yoast SEO plugin. -->","yoast_head_json":{"robots":{"index":"index","follow":"follow","max-snippet":"max-snippet:-1","max-image-preview":"max-image-preview:large","max-video-preview":"max-video-preview:-1"},"canonical":"https:\/\/st-pie-x.dominicaines-du-saint-esprit.fr\/index.php\/2024\/06\/12\/le-plumier-dor\/","og_locale":"fr_FR","og_type":"article","og_title":"Le Plumier d'or - Institution Saint-Pie X","og_description":"Mercredi 5 juin, dans l&rsquo;auditorium du mus\u00e9e de la Marine, se tenait la 28e remise des prix du Plumier d&rsquo;or. Quelques 21725 \u00e9l\u00e8ves de 900 classes de 4e ont pris part au concours. Les 60 laur\u00e9ats ont \u00e9t\u00e9 re\u00e7us comme des rois ( superbe visite...","og_url":"https:\/\/st-pie-x.dominicaines-du-saint-esprit.fr\/index.php\/2024\/06\/12\/le-plumier-dor\/","og_site_name":"Institution Saint-Pie X","article_published_time":"2024-06-12T21:49:48+00:00","og_image":[{"width":1920,"height":2560,"filesize":544631,"url":"https:\/\/st-pie-x.dominicaines-du-saint-esprit.fr\/wp-content\/uploads\/2024\/06\/Clarisse-Plumier-dor-scaled.jpg","path":"\/home\/dominica\/sites\/st-pie-x\/production\/wp-content\/uploads\/2024\/06\/Clarisse-Plumier-dor-scaled.jpg","size":"full","id":2122,"alt":"","pixels":4915200,"type":"image\/jpeg"}],"twitter_card":"summary_large_image","twitter_misc":{"\u00c9crit par":"Admin","Dur\u00e9e de lecture est.":"1 minute"},"schema":{"@context":"https:\/\/schema.org","@graph":[{"@type":"Organization","@id":"https:\/\/st-pie-x.dominicaines-du-saint-esprit.fr\/#organization","name":"Institution Saint-Pie X","url":"https:\/\/st-pie-x.dominicaines-du-saint-esprit.fr\/","sameAs":[],"logo":{"@type":"ImageObject","@id":"https:\/\/st-pie-x.dominicaines-du-saint-esprit.fr\/#logo","inLanguage":"fr-FR","url":"https:\/\/st-pie-x.dominicaines-du-saint-esprit.fr\/wp-content\/uploads\/2018\/10\/logo-dominicaines.png","contentUrl":"https:\/\/st-pie-x.dominicaines-du-saint-esprit.fr\/wp-content\/uploads\/2018\/10\/logo-dominicaines.png","width":90,"height":120,"caption":"Institution Saint-Pie X"},"image":{"@id":"https:\/\/st-pie-x.dominicaines-du-saint-esprit.fr\/#logo"}},{"@type":"WebSite","@id":"https:\/\/st-pie-x.dominicaines-du-saint-esprit.fr\/#website","url":"https:\/\/st-pie-x.dominicaines-du-saint-esprit.fr\/","name":"Institution Saint-Pie X","description":"Dominicaines du Saint-Esprit","publisher":{"@id":"https:\/\/st-pie-x.dominicaines-du-saint-esprit.fr\/#organization"},"potentialAction":[{"@type":"SearchAction","target":{"@type":"EntryPoint","urlTemplate":"https:\/\/st-pie-x.dominicaines-du-saint-esprit.fr\/?s={search_term_string}"},"query-input":"required name=search_term_string"}],"inLanguage":"fr-FR"},{"@type":"ImageObject","@id":"https:\/\/st-pie-x.dominicaines-du-saint-esprit.fr\/index.php\/2024\/06\/12\/le-plumier-dor\/#primaryimage","inLanguage":"fr-FR","url":"https:\/\/st-pie-x.dominicaines-du-saint-esprit.fr\/wp-content\/uploads\/2024\/06\/Clarisse-Plumier-dor-scaled.jpg","contentUrl":"https:\/\/st-pie-x.dominicaines-du-saint-esprit.fr\/wp-content\/uploads\/2024\/06\/Clarisse-Plumier-dor-scaled.jpg","width":1920,"height":2560},{"@type":"WebPage","@id":"https:\/\/st-pie-x.dominicaines-du-saint-esprit.fr\/index.php\/2024\/06\/12\/le-plumier-dor\/#webpage","url":"https:\/\/st-pie-x.dominicaines-du-saint-esprit.fr\/index.php\/2024\/06\/12\/le-plumier-dor\/","name":"Le Plumier d'or - Institution Saint-Pie X","isPartOf":{"@id":"https:\/\/st-pie-x.dominicaines-du-saint-esprit.fr\/#website"},"primaryImageOfPage":{"@id":"https:\/\/st-pie-x.dominicaines-du-saint-esprit.fr\/index.php\/2024\/06\/12\/le-plumier-dor\/#primaryimage"},"datePublished":"2024-06-12T21:49:48+00:00","dateModified":"2024-06-12T21:49:48+00:00","breadcrumb":{"@id":"https:\/\/st-pie-x.dominicaines-du-saint-esprit.fr\/index.php\/2024\/06\/12\/le-plumier-dor\/#breadcrumb"},"inLanguage":"fr-FR","potentialAction":[{"@type":"ReadAction","target":["https:\/\/st-pie-x.dominicaines-du-saint-esprit.fr\/index.php\/2024\/06\/12\/le-plumier-dor\/"]}]},{"@type":"BreadcrumbList","@id":"https:\/\/st-pie-x.dominicaines-du-saint-esprit.fr\/index.php\/2024\/06\/12\/le-plumier-dor\/#breadcrumb","itemListElement":[{"@type":"ListItem","position":1,"name":"Accueil","item":"https:\/\/st-pie-x.dominicaines-du-saint-esprit.fr\/"},{"@type":"ListItem","position":2,"name":"Le Plumier d&rsquo;or"}]},{"@type":"Article","@id":"https:\/\/st-pie-x.dominicaines-du-saint-esprit.fr\/index.php\/2024\/06\/12\/le-plumier-dor\/#article","isPartOf":{"@id":"https:\/\/st-pie-x.dominicaines-du-saint-esprit.fr\/index.php\/2024\/06\/12\/le-plumier-dor\/#webpage"},"author":{"@id":"https:\/\/st-pie-x.dominicaines-du-saint-esprit.fr\/#\/schema\/person\/afdbde961533c0394eb4ceb6a7f5d85d"},"headline":"Le Plumier d&rsquo;or","datePublished":"2024-06-12T21:49:48+00:00","dateModified":"2024-06-12T21:49:48+00:00","mainEntityOfPage":{"@id":"https:\/\/st-pie-x.dominicaines-du-saint-esprit.fr\/index.php\/2024\/06\/12\/le-plumier-dor\/#webpage"},"wordCount":76,"commentCount":0,"publisher":{"@id":"https:\/\/st-pie-x.dominicaines-du-saint-esprit.fr\/#organization"},"image":{"@id":"https:\/\/st-pie-x.dominicaines-du-saint-esprit.fr\/index.php\/2024\/06\/12\/le-plumier-dor\/#primaryimage"},"thumbnailUrl":"https:\/\/st-pie-x.dominicaines-du-saint-esprit.fr\/wp-content\/uploads\/2024\/06\/Clarisse-Plumier-dor-scaled.jpg","articleSection":{"0":"A la une","1":"Actualit\u00e9s","3":"Uncategorized","4":"Vie de l'\u00e9cole"},"inLanguage":"fr-FR","potentialAction":[{"@type":"CommentAction","name":"Comment","target":["https:\/\/st-pie-x.dominicaines-du-saint-esprit.fr\/index.php\/2024\/06\/12\/le-plumier-dor\/#respond"]}]},{"@type":"Person","@id":"https:\/\/st-pie-x.dominicaines-du-saint-esprit.fr\/#\/schema\/person\/afdbde961533c0394eb4ceb6a7f5d85d","name":"Admin","image":{"@type":"ImageObject","@id":"https:\/\/st-pie-x.dominicaines-du-saint-esprit.fr\/#personlogo","inLanguage":"fr-FR","url":"https:\/\/secure.gravatar.com\/avatar\/3e7d08ba5a27a263be63b8c72ef6e260?s=96&d=mm&r=g","contentUrl":"https:\/\/secure.gravatar.com\/avatar\/3e7d08ba5a27a263be63b8c72ef6e260?s=96&d=mm&r=g","caption":"Admin"}}]}},"_links":{"self":[{"href":"https:\/\/st-pie-x.dominicaines-du-saint-esprit.fr\/index.php\/wp-json\/wp\/v2\/posts\/2123"}],"collection":[{"href":"https:\/\/st-pie-x.dominicaines-du-saint-esprit.fr\/index.php\/wp-json\/wp\/v2\/posts"}],"about":[{"href":"https:\/\/st-pie-x.dominicaines-du-saint-esprit.fr\/index.php\/wp-json\/wp\/v2\/types\/post"}],"author":[{"embeddable":true,"href":"https:\/\/st-pie-x.dominicaines-du-saint-esprit.fr\/index.php\/wp-json\/wp\/v2\/users\/2"}],"replies":[{"embeddable":true,"href":"https:\/\/st-pie-x.dominicaines-du-saint-esprit.fr\/index.php\/wp-json\/wp\/v2\/comments?post=2123"}],"version-history":[{"count":1,"href":"https:\/\/st-pie-x.dominicaines-du-saint-esprit.fr\/index.php\/wp-json\/wp\/v2\/posts\/2123\/revisions"}],"predecessor-version":[{"id":2124,"href":"https:\/\/st-pie-x.dominicaines-du-saint-esprit.fr\/index.php\/wp-json\/wp\/v2\/posts\/2123\/revisions\/2124"}],"wp:featuredmedia":[{"embeddable":true,"href":"https:\/\/st-pie-x.dominicaines-du-saint-esprit.fr\/index.php\/wp-json\/wp\/v2\/media\/2122"}],"wp:attachment":[{"href":"https:\/\/st-pie-x.dominicaines-du-saint-esprit.fr\/index.php\/wp-json\/wp\/v2\/media?parent=2123"}],"wp:term":[{"taxonomy":"category","embeddable":true,"href":"https:\/\/st-pie-x.dominicaines-du-saint-esprit.fr\/index.php\/wp-json\/wp\/v2\/categories?post=2123"},{"taxonomy":"post_tag","embeddable":true,"href":"https:\/\/st-pie-x.dominicaines-du-saint-esprit.fr\/index.php\/wp-json\/wp\/v2\/tags?post=2123"}],"curies":[{"name":"wp","href":"https:\/\/api.w.org\/{rel}","templated":true}]}}