{"id":2527,"date":"2025-10-14T16:06:34","date_gmt":"2025-10-14T14:06:34","guid":{"rendered":"https:\/\/st-pie-x.dominicaines-du-saint-esprit.fr\/?p=2527"},"modified":"2025-10-14T16:06:34","modified_gmt":"2025-10-14T14:06:34","slug":"divine-liturgie-a-nd-de-paris","status":"publish","type":"post","link":"https:\/\/st-pie-x.dominicaines-du-saint-esprit.fr\/index.php\/2025\/10\/14\/divine-liturgie-a-nd-de-paris\/","title":{"rendered":"Divine Liturgie \u00e0 ND de Paris"},"content":{"rendered":"<p>La cath\u00e9drale Notre-Dame de Paris a accueilli, dimanche 21 septembre, la Divine Liturgie en l\u2019honneur du bienheureux Iuliu Hossu (1885-1970), premier cardinal roumain et figure embl\u00e9matique de la r\u00e9sistance spirituelle au communisme, b\u00e9atifi\u00e9 par le pape Fran\u00e7ois en 2019. En Roumanie, l\u2019ann\u00e9e 2025 lui est d\u00e9di\u00e9e, signe de l\u2019importance durable de son h\u00e9ritage mais aussi un grand pas pour l\u2019\u00c9glise gr\u00e9co-catholique de Roumanie. Dans ce pays o\u00f9 les catholiques repr\u00e9sentent environ 7,3% de la population, r\u00e9partis entre l\u2019\u00c9glise latine et l\u2019\u00c9glise gr\u00e9co-catholique, cette derni\u00e8re poursuit depuis plusieurs d\u00e9cennies une reconstruction patiente apr\u00e8s plus de quarante ans de bannissement sous le r\u00e9gime communiste.<\/p>\n<p>Une de nos \u00e9l\u00e8ves, Caroline, de nationalit\u00e9 roumaine, a eu la joie de pouvoir assister \u00e0 ce bel \u00e9v\u00e9nement d\u2019\u00c9glise et a m\u00eame eu le privil\u00e8ge rencontrer par la suite Monseigneur Claudiu Pop !<\/p>\n","protected":false},"excerpt":{"rendered":"<p>La cath\u00e9drale Notre-Dame de Paris a accueilli, dimanche 21 septembre, la Divine Liturgie en l\u2019honneur du bienheureux Iuliu Hossu (1885-1970), premier cardinal roumain et figure embl\u00e9matique de la r\u00e9sistance spirituelle au communisme, b\u00e9atifi\u00e9 par le pape Fran\u00e7ois en 2019. En Roumanie, l\u2019ann\u00e9e 2025 lui est&#8230;<\/p>\n","protected":false},"author":2,"featured_media":2525,"comment_status":"open","ping_status":"open","sticky":false,"template":"","format":"standard","meta":[],"categories":[10,6,1,2,7],"tags":[],"yoast_head":"<!-- This site is optimized with the Yoast SEO plugin v16.9 - https:\/\/yoast.com\/wordpress\/plugins\/seo\/ -->\n<meta name=\"robots\" content=\"index, follow, max-snippet:-1, max-image-preview:large, max-video-preview:-1\" \/>\n<link rel=\"canonical\" href=\"https:\/\/st-pie-x.dominicaines-du-saint-esprit.fr\/index.php\/2025\/10\/14\/divine-liturgie-a-nd-de-paris\/\" \/>\n<meta property=\"og:locale\" content=\"fr_FR\" \/>\n<meta property=\"og:type\" content=\"article\" \/>\n<meta property=\"og:title\" content=\"Divine Liturgie \u00e0 ND de Paris - Institution Saint-Pie X\" \/>\n<meta property=\"og:description\" content=\"La cath\u00e9drale Notre-Dame de Paris a accueilli, dimanche 21 septembre, la Divine Liturgie en l\u2019honneur du bienheureux Iuliu Hossu (1885-1970), premier cardinal roumain et figure embl\u00e9matique de la r\u00e9sistance spirituelle au communisme, b\u00e9atifi\u00e9 par le pape Fran\u00e7ois en 2019. En Roumanie, l\u2019ann\u00e9e 2025 lui est...\" \/>\n<meta property=\"og:url\" content=\"https:\/\/st-pie-x.dominicaines-du-saint-esprit.fr\/index.php\/2025\/10\/14\/divine-liturgie-a-nd-de-paris\/\" \/>\n<meta property=\"og:site_name\" content=\"Institution Saint-Pie X\" \/>\n<meta property=\"article:published_time\" content=\"2025-10-14T14:06:34+00:00\" \/>\n<meta property=\"og:image\" content=\"https:\/\/st-pie-x.dominicaines-du-saint-esprit.fr\/wp-content\/uploads\/2025\/10\/IMG_0047-scaled.jpeg\" \/>\n\t<meta property=\"og:image:width\" content=\"1920\" \/>\n\t<meta property=\"og:image:height\" content=\"2560\" \/>\n<meta name=\"twitter:card\" content=\"summary_large_image\" \/>\n<meta name=\"twitter:label1\" content=\"\u00c9crit par\" \/>\n\t<meta name=\"twitter:data1\" content=\"Admin\" \/>\n\t<meta name=\"twitter:label2\" content=\"Dur\u00e9e de lecture est.\" \/>\n\t<meta name=\"twitter:data2\" content=\"1 minute\" \/>\n<script type=\"application\/ld+json\" class=\"yoast-schema-graph\">{\"@context\":\"https:\/\/schema.org\",\"@graph\":[{\"@type\":\"Organization\",\"@id\":\"https:\/\/st-pie-x.dominicaines-du-saint-esprit.fr\/#organization\",\"name\":\"Institution Saint-Pie X\",\"url\":\"https:\/\/st-pie-x.dominicaines-du-saint-esprit.fr\/\",\"sameAs\":[],\"logo\":{\"@type\":\"ImageObject\",\"@id\":\"https:\/\/st-pie-x.dominicaines-du-saint-esprit.fr\/#logo\",\"inLanguage\":\"fr-FR\",\"url\":\"https:\/\/st-pie-x.dominicaines-du-saint-esprit.fr\/wp-content\/uploads\/2018\/10\/logo-dominicaines.png\",\"contentUrl\":\"https:\/\/st-pie-x.dominicaines-du-saint-esprit.fr\/wp-content\/uploads\/2018\/10\/logo-dominicaines.png\",\"width\":90,\"height\":120,\"caption\":\"Institution Saint-Pie X\"},\"image\":{\"@id\":\"https:\/\/st-pie-x.dominicaines-du-saint-esprit.fr\/#logo\"}},{\"@type\":\"WebSite\",\"@id\":\"https:\/\/st-pie-x.dominicaines-du-saint-esprit.fr\/#website\",\"url\":\"https:\/\/st-pie-x.dominicaines-du-saint-esprit.fr\/\",\"name\":\"Institution Saint-Pie X\",\"description\":\"Dominicaines du Saint-Esprit\",\"publisher\":{\"@id\":\"https:\/\/st-pie-x.dominicaines-du-saint-esprit.fr\/#organization\"},\"potentialAction\":[{\"@type\":\"SearchAction\",\"target\":{\"@type\":\"EntryPoint\",\"urlTemplate\":\"https:\/\/st-pie-x.dominicaines-du-saint-esprit.fr\/?s={search_term_string}\"},\"query-input\":\"required name=search_term_string\"}],\"inLanguage\":\"fr-FR\"},{\"@type\":\"ImageObject\",\"@id\":\"https:\/\/st-pie-x.dominicaines-du-saint-esprit.fr\/index.php\/2025\/10\/14\/divine-liturgie-a-nd-de-paris\/#primaryimage\",\"inLanguage\":\"fr-FR\",\"url\":\"https:\/\/st-pie-x.dominicaines-du-saint-esprit.fr\/wp-content\/uploads\/2025\/10\/IMG_0047-scaled.jpeg\",\"contentUrl\":\"https:\/\/st-pie-x.dominicaines-du-saint-esprit.fr\/wp-content\/uploads\/2025\/10\/IMG_0047-scaled.jpeg\",\"width\":1920,\"height\":2560},{\"@type\":\"WebPage\",\"@id\":\"https:\/\/st-pie-x.dominicaines-du-saint-esprit.fr\/index.php\/2025\/10\/14\/divine-liturgie-a-nd-de-paris\/#webpage\",\"url\":\"https:\/\/st-pie-x.dominicaines-du-saint-esprit.fr\/index.php\/2025\/10\/14\/divine-liturgie-a-nd-de-paris\/\",\"name\":\"Divine Liturgie \\u00e0 ND de Paris - Institution Saint-Pie X\",\"isPartOf\":{\"@id\":\"https:\/\/st-pie-x.dominicaines-du-saint-esprit.fr\/#website\"},\"primaryImageOfPage\":{\"@id\":\"https:\/\/st-pie-x.dominicaines-du-saint-esprit.fr\/index.php\/2025\/10\/14\/divine-liturgie-a-nd-de-paris\/#primaryimage\"},\"datePublished\":\"2025-10-14T14:06:34+00:00\",\"dateModified\":\"2025-10-14T14:06:34+00:00\",\"breadcrumb\":{\"@id\":\"https:\/\/st-pie-x.dominicaines-du-saint-esprit.fr\/index.php\/2025\/10\/14\/divine-liturgie-a-nd-de-paris\/#breadcrumb\"},\"inLanguage\":\"fr-FR\",\"potentialAction\":[{\"@type\":\"ReadAction\",\"target\":[\"https:\/\/st-pie-x.dominicaines-du-saint-esprit.fr\/index.php\/2025\/10\/14\/divine-liturgie-a-nd-de-paris\/\"]}]},{\"@type\":\"BreadcrumbList\",\"@id\":\"https:\/\/st-pie-x.dominicaines-du-saint-esprit.fr\/index.php\/2025\/10\/14\/divine-liturgie-a-nd-de-paris\/#breadcrumb\",\"itemListElement\":[{\"@type\":\"ListItem\",\"position\":1,\"name\":\"Accueil\",\"item\":\"https:\/\/st-pie-x.dominicaines-du-saint-esprit.fr\/\"},{\"@type\":\"ListItem\",\"position\":2,\"name\":\"Divine Liturgie \\u00e0 ND de Paris\"}]},{\"@type\":\"Article\",\"@id\":\"https:\/\/st-pie-x.dominicaines-du-saint-esprit.fr\/index.php\/2025\/10\/14\/divine-liturgie-a-nd-de-paris\/#article\",\"isPartOf\":{\"@id\":\"https:\/\/st-pie-x.dominicaines-du-saint-esprit.fr\/index.php\/2025\/10\/14\/divine-liturgie-a-nd-de-paris\/#webpage\"},\"author\":{\"@id\":\"https:\/\/st-pie-x.dominicaines-du-saint-esprit.fr\/#\/schema\/person\/afdbde961533c0394eb4ceb6a7f5d85d\"},\"headline\":\"Divine Liturgie \\u00e0 ND de Paris\",\"datePublished\":\"2025-10-14T14:06:34+00:00\",\"dateModified\":\"2025-10-14T14:06:34+00:00\",\"mainEntityOfPage\":{\"@id\":\"https:\/\/st-pie-x.dominicaines-du-saint-esprit.fr\/index.php\/2025\/10\/14\/divine-liturgie-a-nd-de-paris\/#webpage\"},\"wordCount\":163,\"commentCount\":0,\"publisher\":{\"@id\":\"https:\/\/st-pie-x.dominicaines-du-saint-esprit.fr\/#organization\"},\"image\":{\"@id\":\"https:\/\/st-pie-x.dominicaines-du-saint-esprit.fr\/index.php\/2025\/10\/14\/divine-liturgie-a-nd-de-paris\/#primaryimage\"},\"thumbnailUrl\":\"https:\/\/st-pie-x.dominicaines-du-saint-esprit.fr\/wp-content\/uploads\/2025\/10\/IMG_0047-scaled.jpeg\",\"articleSection\":{\"0\":\"A la une\",\"1\":\"Actualit\\u00e9s\",\"3\":\"Uncategorized\",\"4\":\"Vie de l'\\u00e9cole\"},\"inLanguage\":\"fr-FR\",\"potentialAction\":[{\"@type\":\"CommentAction\",\"name\":\"Comment\",\"target\":[\"https:\/\/st-pie-x.dominicaines-du-saint-esprit.fr\/index.php\/2025\/10\/14\/divine-liturgie-a-nd-de-paris\/#respond\"]}]},{\"@type\":\"Person\",\"@id\":\"https:\/\/st-pie-x.dominicaines-du-saint-esprit.fr\/#\/schema\/person\/afdbde961533c0394eb4ceb6a7f5d85d\",\"name\":\"Admin\",\"image\":{\"@type\":\"ImageObject\",\"@id\":\"https:\/\/st-pie-x.dominicaines-du-saint-esprit.fr\/#personlogo\",\"inLanguage\":\"fr-FR\",\"url\":\"https:\/\/secure.gravatar.com\/avatar\/3e7d08ba5a27a263be63b8c72ef6e260?s=96&d=mm&r=g\",\"contentUrl\":\"https:\/\/secure.gravatar.com\/avatar\/3e7d08ba5a27a263be63b8c72ef6e260?s=96&d=mm&r=g\",\"caption\":\"Admin\"}}]}<\/script>\n<!-- \/ Yoast SEO plugin. -->","yoast_head_json":{"robots":{"index":"index","follow":"follow","max-snippet":"max-snippet:-1","max-image-preview":"max-image-preview:large","max-video-preview":"max-video-preview:-1"},"canonical":"https:\/\/st-pie-x.dominicaines-du-saint-esprit.fr\/index.php\/2025\/10\/14\/divine-liturgie-a-nd-de-paris\/","og_locale":"fr_FR","og_type":"article","og_title":"Divine Liturgie \u00e0 ND de Paris - Institution Saint-Pie X","og_description":"La cath\u00e9drale Notre-Dame de Paris a accueilli, dimanche 21 septembre, la Divine Liturgie en l\u2019honneur du bienheureux Iuliu Hossu (1885-1970), premier cardinal roumain et figure embl\u00e9matique de la r\u00e9sistance spirituelle au communisme, b\u00e9atifi\u00e9 par le pape Fran\u00e7ois en 2019. En Roumanie, l\u2019ann\u00e9e 2025 lui est...","og_url":"https:\/\/st-pie-x.dominicaines-du-saint-esprit.fr\/index.php\/2025\/10\/14\/divine-liturgie-a-nd-de-paris\/","og_site_name":"Institution Saint-Pie X","article_published_time":"2025-10-14T14:06:34+00:00","og_image":[{"width":1920,"height":2560,"filesize":665170,"url":"https:\/\/st-pie-x.dominicaines-du-saint-esprit.fr\/wp-content\/uploads\/2025\/10\/IMG_0047-scaled.jpeg","path":"\/home\/dominica\/sites\/st-pie-x\/production\/wp-content\/uploads\/2025\/10\/IMG_0047-scaled.jpeg","size":"full","id":2525,"alt":"","pixels":4915200,"type":"image\/jpeg"}],"twitter_card":"summary_large_image","twitter_misc":{"\u00c9crit par":"Admin","Dur\u00e9e de lecture est.":"1 minute"},"schema":{"@context":"https:\/\/schema.org","@graph":[{"@type":"Organization","@id":"https:\/\/st-pie-x.dominicaines-du-saint-esprit.fr\/#organization","name":"Institution Saint-Pie X","url":"https:\/\/st-pie-x.dominicaines-du-saint-esprit.fr\/","sameAs":[],"logo":{"@type":"ImageObject","@id":"https:\/\/st-pie-x.dominicaines-du-saint-esprit.fr\/#logo","inLanguage":"fr-FR","url":"https:\/\/st-pie-x.dominicaines-du-saint-esprit.fr\/wp-content\/uploads\/2018\/10\/logo-dominicaines.png","contentUrl":"https:\/\/st-pie-x.dominicaines-du-saint-esprit.fr\/wp-content\/uploads\/2018\/10\/logo-dominicaines.png","width":90,"height":120,"caption":"Institution Saint-Pie X"},"image":{"@id":"https:\/\/st-pie-x.dominicaines-du-saint-esprit.fr\/#logo"}},{"@type":"WebSite","@id":"https:\/\/st-pie-x.dominicaines-du-saint-esprit.fr\/#website","url":"https:\/\/st-pie-x.dominicaines-du-saint-esprit.fr\/","name":"Institution Saint-Pie X","description":"Dominicaines du Saint-Esprit","publisher":{"@id":"https:\/\/st-pie-x.dominicaines-du-saint-esprit.fr\/#organization"},"potentialAction":[{"@type":"SearchAction","target":{"@type":"EntryPoint","urlTemplate":"https:\/\/st-pie-x.dominicaines-du-saint-esprit.fr\/?s={search_term_string}"},"query-input":"required name=search_term_string"}],"inLanguage":"fr-FR"},{"@type":"ImageObject","@id":"https:\/\/st-pie-x.dominicaines-du-saint-esprit.fr\/index.php\/2025\/10\/14\/divine-liturgie-a-nd-de-paris\/#primaryimage","inLanguage":"fr-FR","url":"https:\/\/st-pie-x.dominicaines-du-saint-esprit.fr\/wp-content\/uploads\/2025\/10\/IMG_0047-scaled.jpeg","contentUrl":"https:\/\/st-pie-x.dominicaines-du-saint-esprit.fr\/wp-content\/uploads\/2025\/10\/IMG_0047-scaled.jpeg","width":1920,"height":2560},{"@type":"WebPage","@id":"https:\/\/st-pie-x.dominicaines-du-saint-esprit.fr\/index.php\/2025\/10\/14\/divine-liturgie-a-nd-de-paris\/#webpage","url":"https:\/\/st-pie-x.dominicaines-du-saint-esprit.fr\/index.php\/2025\/10\/14\/divine-liturgie-a-nd-de-paris\/","name":"Divine Liturgie \u00e0 ND de Paris - Institution Saint-Pie X","isPartOf":{"@id":"https:\/\/st-pie-x.dominicaines-du-saint-esprit.fr\/#website"},"primaryImageOfPage":{"@id":"https:\/\/st-pie-x.dominicaines-du-saint-esprit.fr\/index.php\/2025\/10\/14\/divine-liturgie-a-nd-de-paris\/#primaryimage"},"datePublished":"2025-10-14T14:06:34+00:00","dateModified":"2025-10-14T14:06:34+00:00","breadcrumb":{"@id":"https:\/\/st-pie-x.dominicaines-du-saint-esprit.fr\/index.php\/2025\/10\/14\/divine-liturgie-a-nd-de-paris\/#breadcrumb"},"inLanguage":"fr-FR","potentialAction":[{"@type":"ReadAction","target":["https:\/\/st-pie-x.dominicaines-du-saint-esprit.fr\/index.php\/2025\/10\/14\/divine-liturgie-a-nd-de-paris\/"]}]},{"@type":"BreadcrumbList","@id":"https:\/\/st-pie-x.dominicaines-du-saint-esprit.fr\/index.php\/2025\/10\/14\/divine-liturgie-a-nd-de-paris\/#breadcrumb","itemListElement":[{"@type":"ListItem","position":1,"name":"Accueil","item":"https:\/\/st-pie-x.dominicaines-du-saint-esprit.fr\/"},{"@type":"ListItem","position":2,"name":"Divine Liturgie \u00e0 ND de Paris"}]},{"@type":"Article","@id":"https:\/\/st-pie-x.dominicaines-du-saint-esprit.fr\/index.php\/2025\/10\/14\/divine-liturgie-a-nd-de-paris\/#article","isPartOf":{"@id":"https:\/\/st-pie-x.dominicaines-du-saint-esprit.fr\/index.php\/2025\/10\/14\/divine-liturgie-a-nd-de-paris\/#webpage"},"author":{"@id":"https:\/\/st-pie-x.dominicaines-du-saint-esprit.fr\/#\/schema\/person\/afdbde961533c0394eb4ceb6a7f5d85d"},"headline":"Divine Liturgie \u00e0 ND de Paris","datePublished":"2025-10-14T14:06:34+00:00","dateModified":"2025-10-14T14:06:34+00:00","mainEntityOfPage":{"@id":"https:\/\/st-pie-x.dominicaines-du-saint-esprit.fr\/index.php\/2025\/10\/14\/divine-liturgie-a-nd-de-paris\/#webpage"},"wordCount":163,"commentCount":0,"publisher":{"@id":"https:\/\/st-pie-x.dominicaines-du-saint-esprit.fr\/#organization"},"image":{"@id":"https:\/\/st-pie-x.dominicaines-du-saint-esprit.fr\/index.php\/2025\/10\/14\/divine-liturgie-a-nd-de-paris\/#primaryimage"},"thumbnailUrl":"https:\/\/st-pie-x.dominicaines-du-saint-esprit.fr\/wp-content\/uploads\/2025\/10\/IMG_0047-scaled.jpeg","articleSection":{"0":"A la une","1":"Actualit\u00e9s","3":"Uncategorized","4":"Vie de l'\u00e9cole"},"inLanguage":"fr-FR","potentialAction":[{"@type":"CommentAction","name":"Comment","target":["https:\/\/st-pie-x.dominicaines-du-saint-esprit.fr\/index.php\/2025\/10\/14\/divine-liturgie-a-nd-de-paris\/#respond"]}]},{"@type":"Person","@id":"https:\/\/st-pie-x.dominicaines-du-saint-esprit.fr\/#\/schema\/person\/afdbde961533c0394eb4ceb6a7f5d85d","name":"Admin","image":{"@type":"ImageObject","@id":"https:\/\/st-pie-x.dominicaines-du-saint-esprit.fr\/#personlogo","inLanguage":"fr-FR","url":"https:\/\/secure.gravatar.com\/avatar\/3e7d08ba5a27a263be63b8c72ef6e260?s=96&d=mm&r=g","contentUrl":"https:\/\/secure.gravatar.com\/avatar\/3e7d08ba5a27a263be63b8c72ef6e260?s=96&d=mm&r=g","caption":"Admin"}}]}},"_links":{"self":[{"href":"https:\/\/st-pie-x.dominicaines-du-saint-esprit.fr\/index.php\/wp-json\/wp\/v2\/posts\/2527"}],"collection":[{"href":"https:\/\/st-pie-x.dominicaines-du-saint-esprit.fr\/index.php\/wp-json\/wp\/v2\/posts"}],"about":[{"href":"https:\/\/st-pie-x.dominicaines-du-saint-esprit.fr\/index.php\/wp-json\/wp\/v2\/types\/post"}],"author":[{"embeddable":true,"href":"https:\/\/st-pie-x.dominicaines-du-saint-esprit.fr\/index.php\/wp-json\/wp\/v2\/users\/2"}],"replies":[{"embeddable":true,"href":"https:\/\/st-pie-x.dominicaines-du-saint-esprit.fr\/index.php\/wp-json\/wp\/v2\/comments?post=2527"}],"version-history":[{"count":2,"href":"https:\/\/st-pie-x.dominicaines-du-saint-esprit.fr\/index.php\/wp-json\/wp\/v2\/posts\/2527\/revisions"}],"predecessor-version":[{"id":2529,"href":"https:\/\/st-pie-x.dominicaines-du-saint-esprit.fr\/index.php\/wp-json\/wp\/v2\/posts\/2527\/revisions\/2529"}],"wp:featuredmedia":[{"embeddable":true,"href":"https:\/\/st-pie-x.dominicaines-du-saint-esprit.fr\/index.php\/wp-json\/wp\/v2\/media\/2525"}],"wp:attachment":[{"href":"https:\/\/st-pie-x.dominicaines-du-saint-esprit.fr\/index.php\/wp-json\/wp\/v2\/media?parent=2527"}],"wp:term":[{"taxonomy":"category","embeddable":true,"href":"https:\/\/st-pie-x.dominicaines-du-saint-esprit.fr\/index.php\/wp-json\/wp\/v2\/categories?post=2527"},{"taxonomy":"post_tag","embeddable":true,"href":"https:\/\/st-pie-x.dominicaines-du-saint-esprit.fr\/index.php\/wp-json\/wp\/v2\/tags?post=2527"}],"curies":[{"name":"wp","href":"https:\/\/api.w.org\/{rel}","templated":true}]}}